{"id":11049,"date":"2020-12-13T18:39:38","date_gmt":"2020-12-13T17:39:38","guid":{"rendered":"http:\/\/www.college-wallon-ivry.fr\/?p=11049"},"modified":"2021-02-12T14:04:48","modified_gmt":"2021-02-12T13:04:48","slug":"talents-lyriques","status":"publish","type":"post","link":"http:\/\/www.college-wallon-ivry.fr\/index.php\/2020\/12\/13\/talents-lyriques\/","title":{"rendered":"Talents lyriques"},"content":{"rendered":"<div id=\"pl-11049\"  class=\"panel-layout\" ><div id=\"pg-11049-0\"  class=\"panel-grid panel-no-style\" ><div id=\"pgc-11049-0-0\"  class=\"panel-grid-cell\" ><div id=\"panel-11049-0-0-0\" class=\"so-panel widget widget_sow-editor panel-first-child panel-last-child\" data-index=\"0\" ><div\n\t\t\t\n\t\t\tclass=\"so-widget-sow-editor so-widget-sow-editor-base\"\n\t\t\t\n\t\t>\n<div class=\"siteorigin-widget-tinymce textwidget\">\n\t<p><span style=\"font-family: Verdana;\">Dans le cadre de la r\u00e9sidence artistique des <span class=\"il\">Talens<\/span> <span class=\"il\">Lyriques<\/span> au coll\u00e8ge Henri Wallon, les \u00e9l\u00e8ves concern\u00e9s par ce projet ont assist\u00e9 \u00e0 deux rencontres musicales !<\/span><\/p>\n<p><a href=\"https:\/\/www.lestalenslyriques.com\/\" target=\"_blank\" rel=\"noopener noreferrer\" data-saferedirecturl=\"https:\/\/www.google.com\/url?q=https:\/\/www.lestalenslyriques.com\/&amp;source=gmail&amp;ust=1607959863439000&amp;usg=AFQjCNHGjfpjyaoJJvtTz53v4IeqQtxHAg\">Les <span class=\"il\">Talens<\/span> <span class=\"il\">Lyriques<\/span><\/a>, c'est un ensemble de musiciens sp\u00e9cialis\u00e9 dans la musique baroque (XVIIe - XVIIIe si\u00e8cle), qui, en presque 30 ans, s'est produit dans 40 pays et \u00e0 d\u00e9j\u00e0 fait une soixantaine d'enregistrements discographiques...<\/p>\n<p>4 classes b\u00e9n\u00e9ficient de cette r\u00e9sidence artistique : 6\u00e8me 6, 4\u00e8me 4, 3\u00e8me 6 et UPE2A.<\/p>\n<\/div>\n<\/div><\/div><\/div><\/div><div id=\"pg-11049-1\"  class=\"panel-grid panel-no-style\" ><div id=\"pgc-11049-1-0\"  class=\"panel-grid-cell\" ><div id=\"panel-11049-1-0-0\" class=\"so-panel widget widget_sow-editor panel-first-child panel-last-child\" data-index=\"1\" ><div\n\t\t\t\n\t\t\tclass=\"so-widget-sow-editor so-widget-sow-editor-base\"\n\t\t\t\n\t\t>\n<div class=\"siteorigin-widget-tinymce textwidget\">\n\t<h4><span style=\"color: #0088cc;\">Les premi\u00e8res rencontres musicales ont eu lieu les 9 &amp; 10 octobre au CDI : un trio voix - violoncelle - clavecin a r\u00e9gal\u00e9 nos oreilles !<\/span><\/h4>\n<\/div>\n<\/div><\/div><\/div><\/div><div id=\"pg-11049-2\"  class=\"panel-grid panel-has-style\" ><div class=\"panel-row-style panel-row-style-for-11049-2\" ><div id=\"pgc-11049-2-0\"  class=\"panel-grid-cell\" ><div id=\"panel-11049-2-0-0\" class=\"so-panel widget widget_siteorigin-panels-builder panel-first-child panel-last-child\" data-index=\"2\" ><div id=\"pl-w5fd652ff50153\"  class=\"panel-layout\" ><div id=\"pg-w5fd652ff50153-0\"  class=\"panel-grid panel-no-style\" ><div id=\"pgc-w5fd652ff50153-0-0\"  class=\"panel-grid-cell\" ><div id=\"panel-w5fd652ff50153-0-0-0\" class=\"so-panel widget widget_sow-editor panel-first-child panel-last-child\" data-index=\"0\" ><div\n\t\t\t\n\t\t\tclass=\"so-widget-sow-editor so-widget-sow-editor-base\"\n\t\t\t\n\t\t>\n<div class=\"siteorigin-widget-tinymce textwidget\">\n\t<p><span style=\"font-family: Verdana;\">Les \u00e9l\u00e8ves ont pu d\u00e9couvrir les particularit\u00e9s du chant <span class=\"il\">lyrique<\/span> ainsi que le fonctionnement du clavecin, admirer le son d'un violoncelle vieux de plus de 200 ans, et poser toutes leurs questions.<br \/>\n<\/span><\/p>\n<p><span style=\"font-family: Verdana;\">[Grace Durham : voix mezzo \/ Olivia Gutherz : violoncelle \/ Jes\u00fas Noguera Guillen : clavecin]<\/span><\/p>\n<\/div>\n<\/div><\/div><\/div><\/div><div id=\"pg-w5fd652ff50153-1\"  class=\"panel-grid panel-no-style\" ><div id=\"pgc-w5fd652ff50153-1-0\"  class=\"panel-grid-cell\" ><div id=\"panel-w5fd652ff50153-1-0-0\" class=\"so-panel widget widget_sow-button panel-first-child panel-last-child\" data-index=\"1\" ><div\n\t\t\t\n\t\t\tclass=\"so-widget-sow-button so-widget-sow-button-atom-a28981cb0153\"\n\t\t\t\n\t\t><div class=\"ow-button-base ow-button-align-center\"\n>\n\t\t\t<a\n\t\t\t\t\thref=\"https:\/\/drive.google.com\/file\/d\/1j1vhr9qRqFgOthpTugjCGdmkuqrAdi8Y\/view?usp=sharing\"\n\t\t\t\t\tclass=\"sowb-button ow-icon-placement-left ow-button-hover\" target=\"_blank\" rel=\"noopener noreferrer\" \t>\n\t\t<span>\n\t\t\t\n\t\t\tVideo 1\t\t<\/span>\n\t\t\t<\/a>\n\t<\/div>\n<\/div><\/div><\/div><div id=\"pgc-w5fd652ff50153-1-1\"  class=\"panel-grid-cell\" ><div id=\"panel-w5fd652ff50153-1-1-0\" class=\"so-panel widget widget_sow-button panel-first-child panel-last-child\" data-index=\"2\" ><div\n\t\t\t\n\t\t\tclass=\"so-widget-sow-button so-widget-sow-button-atom-a28981cb0153\"\n\t\t\t\n\t\t><div class=\"ow-button-base ow-button-align-center\"\n>\n\t\t\t<a\n\t\t\t\t\thref=\"https:\/\/drive.google.com\/file\/d\/1cHQwBAdQ8dNZByAoAJZhkMK9EnQGmJYg\/view?usp=sharing\"\n\t\t\t\t\tclass=\"sowb-button ow-icon-placement-left ow-button-hover\" target=\"_blank\" rel=\"noopener noreferrer\" \t>\n\t\t<span>\n\t\t\t\n\t\t\tVideo 2\t\t<\/span>\n\t\t\t<\/a>\n\t<\/div>\n<\/div><\/div><\/div><\/div><\/div><\/div><\/div><div id=\"pgc-11049-2-1\"  class=\"panel-grid-cell\" ><div id=\"panel-11049-2-1-0\" class=\"so-panel widget widget_siteorigin-panels-builder panel-first-child panel-last-child\" data-index=\"3\" ><div id=\"pl-w5fd6535f12c65\"  class=\"panel-layout\" ><div id=\"pg-w5fd6535f12c65-0\"  class=\"panel-grid panel-no-style\" ><div id=\"pgc-w5fd6535f12c65-0-0\"  class=\"panel-grid-cell\" ><div id=\"panel-w5fd6535f12c65-0-0-0\" class=\"so-panel widget widget_sow-image panel-first-child\" data-index=\"0\" ><div\n\t\t\t\n\t\t\tclass=\"so-widget-sow-image so-widget-sow-image-default-e4c2d9f6c920\"\n\t\t\t\n\t\t>\n<div class=\"sow-image-container\">\n\t\t\t<a href=\"http:\/\/www.college-wallon-ivry.fr\/index.php\/talents-lyriques-oct\/\"\n\t\t\ttarget=\"_blank\" rel=\"noopener noreferrer\" \t\t>\n\t\t\t<img \n\tsrc=\"http:\/\/www.college-wallon-ivry.fr\/wp-content\/uploads\/2020\/12\/IMG_7942-150x150.jpg\" width=\"150\" height=\"150\" srcset=\"http:\/\/www.college-wallon-ivry.fr\/wp-content\/uploads\/2020\/12\/IMG_7942-150x150.jpg 150w, http:\/\/www.college-wallon-ivry.fr\/wp-content\/uploads\/2020\/12\/IMG_7942-200x200.jpg 200w\" sizes=\"(max-width: 150px) 100vw, 150px\" title=\"IMG_7942\" alt=\"\" \t\tclass=\"so-widget-image\"\/>\n\t\t\t<\/a><\/div>\n\n<\/div><\/div><div id=\"panel-w5fd6535f12c65-0-0-1\" class=\"so-panel widget widget_sow-image panel-last-child\" data-index=\"1\" ><div\n\t\t\t\n\t\t\tclass=\"so-widget-sow-image so-widget-sow-image-default-e4c2d9f6c920\"\n\t\t\t\n\t\t>\n<div class=\"sow-image-container\">\n\t\t\t<a href=\"http:\/\/www.college-wallon-ivry.fr\/index.php\/talents-lyriques-oct\/\"\n\t\t\ttarget=\"_blank\" rel=\"noopener noreferrer\" \t\t>\n\t\t\t<img \n\tsrc=\"http:\/\/www.college-wallon-ivry.fr\/wp-content\/uploads\/2020\/12\/IMG_7852-150x150.jpg\" width=\"150\" height=\"150\" srcset=\"http:\/\/www.college-wallon-ivry.fr\/wp-content\/uploads\/2020\/12\/IMG_7852-150x150.jpg 150w, http:\/\/www.college-wallon-ivry.fr\/wp-content\/uploads\/2020\/12\/IMG_7852-200x200.jpg 200w\" sizes=\"(max-width: 150px) 100vw, 150px\" title=\"IMG_7852\" alt=\"\" \t\tclass=\"so-widget-image\"\/>\n\t\t\t<\/a><\/div>\n\n<\/div><\/div><\/div><div id=\"pgc-w5fd6535f12c65-0-1\"  class=\"panel-grid-cell\" ><div id=\"panel-w5fd6535f12c65-0-1-0\" class=\"so-panel widget widget_sow-image panel-first-child\" data-index=\"2\" ><div\n\t\t\t\n\t\t\tclass=\"so-widget-sow-image so-widget-sow-image-default-4e6925654b7a\"\n\t\t\t\n\t\t>\n<div class=\"sow-image-container\">\n\t\t\t<a href=\"http:\/\/www.college-wallon-ivry.fr\/index.php\/talents-lyriques-oct\/\"\n\t\t\ttarget=\"_blank\" rel=\"noopener noreferrer\" \t\t>\n\t\t\t<img \n\tsrc=\"http:\/\/www.college-wallon-ivry.fr\/wp-content\/uploads\/2020\/12\/IMG_7912-150x150.jpg\" width=\"150\" height=\"150\" srcset=\"http:\/\/www.college-wallon-ivry.fr\/wp-content\/uploads\/2020\/12\/IMG_7912-150x150.jpg 150w, http:\/\/www.college-wallon-ivry.fr\/wp-content\/uploads\/2020\/12\/IMG_7912-200x200.jpg 200w\" sizes=\"(max-width: 150px) 100vw, 150px\" title=\"IMG_7912\" alt=\"\" \t\tclass=\"so-widget-image\"\/>\n\t\t\t<\/a><\/div>\n\n<\/div><\/div><div id=\"panel-w5fd6535f12c65-0-1-1\" class=\"so-panel widget widget_sow-image panel-last-child\" data-index=\"3\" ><div\n\t\t\t\n\t\t\tclass=\"so-widget-sow-image so-widget-sow-image-default-4e6925654b7a\"\n\t\t\t\n\t\t>\n<div class=\"sow-image-container\">\n\t\t\t<a href=\"http:\/\/www.college-wallon-ivry.fr\/index.php\/talents-lyriques-oct\/\"\n\t\t\ttarget=\"_blank\" rel=\"noopener noreferrer\" \t\t>\n\t\t\t<img \n\tsrc=\"http:\/\/www.college-wallon-ivry.fr\/wp-content\/uploads\/2020\/12\/IMG_7849-150x150.jpg\" width=\"150\" height=\"150\" srcset=\"http:\/\/www.college-wallon-ivry.fr\/wp-content\/uploads\/2020\/12\/IMG_7849-150x150.jpg 150w, http:\/\/www.college-wallon-ivry.fr\/wp-content\/uploads\/2020\/12\/IMG_7849-200x200.jpg 200w\" sizes=\"(max-width: 150px) 100vw, 150px\" title=\"IMG_7849\" alt=\"\" \t\tclass=\"so-widget-image\"\/>\n\t\t\t<\/a><\/div>\n\n<\/div><\/div><\/div><\/div><\/div><\/div><\/div><\/div><\/div><div id=\"pg-11049-3\"  class=\"panel-grid panel-no-style\" ><div id=\"pgc-11049-3-0\"  class=\"panel-grid-cell\" ><div id=\"panel-11049-3-0-0\" class=\"so-panel widget widget_sow-editor panel-first-child panel-last-child\" data-index=\"4\" ><div\n\t\t\t\n\t\t\tclass=\"so-widget-sow-editor so-widget-sow-editor-base\"\n\t\t\t\n\t\t>\n<div class=\"siteorigin-widget-tinymce textwidget\">\n\t<h4><span style=\"color: #0088cc;\">C'est lundi 9 novembre qu'ont eu lieux les deuxi\u00e8mes rencontres musicales.<\/span><\/h4>\n<\/div>\n<\/div><\/div><\/div><\/div><div id=\"pg-11049-4\"  class=\"panel-grid panel-no-style\" ><div id=\"pgc-11049-4-0\"  class=\"panel-grid-cell\" ><div id=\"panel-11049-4-0-0\" class=\"so-panel widget widget_siteorigin-panels-builder panel-first-child panel-last-child\" data-index=\"5\" ><div id=\"pl-w5fd651500a7d9\"  class=\"panel-layout\" ><div id=\"pg-w5fd651500a7d9-0\"  class=\"panel-grid panel-no-style\" ><div id=\"pgc-w5fd651500a7d9-0-0\"  class=\"panel-grid-cell\" ><div id=\"panel-w5fd651500a7d9-0-0-0\" class=\"so-panel widget widget_sow-image panel-first-child\" data-index=\"0\" ><div\n\t\t\t\n\t\t\tclass=\"so-widget-sow-image so-widget-sow-image-default-e4c2d9f6c920\"\n\t\t\t\n\t\t>\n<div class=\"sow-image-container\">\n\t\t\t<a href=\"http:\/\/www.college-wallon-ivry.fr\/index.php\/talents-lyriques-nov\/\"\n\t\t\ttarget=\"_blank\" rel=\"noopener noreferrer\" \t\t>\n\t\t\t<img \n\tsrc=\"http:\/\/www.college-wallon-ivry.fr\/wp-content\/uploads\/2020\/12\/IMG_8095-150x150.jpg\" width=\"150\" height=\"150\" sizes=\"(max-width: 150px) 100vw, 150px\" title=\"IMG_8095\" alt=\"\" \t\tclass=\"so-widget-image\"\/>\n\t\t\t<\/a><\/div>\n\n<\/div><\/div><div id=\"panel-w5fd651500a7d9-0-0-1\" class=\"so-panel widget widget_sow-image panel-last-child\" data-index=\"1\" ><div\n\t\t\t\n\t\t\tclass=\"so-widget-sow-image so-widget-sow-image-default-e4c2d9f6c920\"\n\t\t\t\n\t\t>\n<div class=\"sow-image-container\">\n\t\t\t<a href=\"http:\/\/www.college-wallon-ivry.fr\/index.php\/talents-lyriques-nov\/\"\n\t\t\ttarget=\"_blank\" rel=\"noopener noreferrer\" \t\t>\n\t\t\t<img \n\tsrc=\"http:\/\/www.college-wallon-ivry.fr\/wp-content\/uploads\/2020\/12\/IMG_8104-150x150.jpg\" width=\"150\" height=\"150\" srcset=\"http:\/\/www.college-wallon-ivry.fr\/wp-content\/uploads\/2020\/12\/IMG_8104-150x150.jpg 150w, http:\/\/www.college-wallon-ivry.fr\/wp-content\/uploads\/2020\/12\/IMG_8104-200x200.jpg 200w\" sizes=\"(max-width: 150px) 100vw, 150px\" title=\"IMG_8104\" alt=\"\" \t\tclass=\"so-widget-image\"\/>\n\t\t\t<\/a><\/div>\n\n<\/div><\/div><\/div><div id=\"pgc-w5fd651500a7d9-0-1\"  class=\"panel-grid-cell\" ><div id=\"panel-w5fd651500a7d9-0-1-0\" class=\"so-panel widget widget_sow-image panel-first-child\" data-index=\"2\" ><div\n\t\t\t\n\t\t\tclass=\"so-widget-sow-image so-widget-sow-image-default-4e6925654b7a\"\n\t\t\t\n\t\t>\n<div class=\"sow-image-container\">\n\t\t\t<a href=\"http:\/\/www.college-wallon-ivry.fr\/index.php\/talents-lyriques-nov\/\"\n\t\t\ttarget=\"_blank\" rel=\"noopener noreferrer\" \t\t>\n\t\t\t<img \n\tsrc=\"http:\/\/www.college-wallon-ivry.fr\/wp-content\/uploads\/2020\/12\/IMG_8055-150x150.jpg\" width=\"150\" height=\"150\" srcset=\"http:\/\/www.college-wallon-ivry.fr\/wp-content\/uploads\/2020\/12\/IMG_8055-150x150.jpg 150w, http:\/\/www.college-wallon-ivry.fr\/wp-content\/uploads\/2020\/12\/IMG_8055-200x200.jpg 200w\" sizes=\"(max-width: 150px) 100vw, 150px\" title=\"IMG_8055\" alt=\"\" \t\tclass=\"so-widget-image\"\/>\n\t\t\t<\/a><\/div>\n\n<\/div><\/div><div id=\"panel-w5fd651500a7d9-0-1-1\" class=\"so-panel widget widget_sow-image panel-last-child\" data-index=\"3\" ><div\n\t\t\t\n\t\t\tclass=\"so-widget-sow-image so-widget-sow-image-default-4e6925654b7a\"\n\t\t\t\n\t\t>\n<div class=\"sow-image-container\">\n\t\t\t<a href=\"http:\/\/www.college-wallon-ivry.fr\/index.php\/talents-lyriques-nov\/\"\n\t\t\ttarget=\"_blank\" rel=\"noopener noreferrer\" \t\t>\n\t\t\t<img \n\tsrc=\"http:\/\/www.college-wallon-ivry.fr\/wp-content\/uploads\/2020\/12\/IMG_8067-150x150.jpg\" width=\"150\" height=\"150\" srcset=\"http:\/\/www.college-wallon-ivry.fr\/wp-content\/uploads\/2020\/12\/IMG_8067-150x150.jpg 150w, http:\/\/www.college-wallon-ivry.fr\/wp-content\/uploads\/2020\/12\/IMG_8067-200x200.jpg 200w\" sizes=\"(max-width: 150px) 100vw, 150px\" title=\"IMG_8067\" alt=\"\" \t\tclass=\"so-widget-image\"\/>\n\t\t\t<\/a><\/div>\n\n<\/div><\/div><\/div><\/div><\/div><\/div><\/div><div id=\"pgc-11049-4-1\"  class=\"panel-grid-cell\" ><div id=\"panel-11049-4-1-0\" class=\"so-panel widget widget_siteorigin-panels-builder panel-first-child panel-last-child\" data-index=\"6\" ><div id=\"pl-w5fd652ff56283\"  class=\"panel-layout\" ><div id=\"pg-w5fd652ff56283-0\"  class=\"panel-grid panel-no-style\" ><div id=\"pgc-w5fd652ff56283-0-0\"  class=\"panel-grid-cell\" ><div id=\"panel-w5fd652ff56283-0-0-0\" class=\"so-panel widget widget_sow-editor panel-first-child panel-last-child\" data-index=\"0\" ><div\n\t\t\t\n\t\t\tclass=\"so-widget-sow-editor so-widget-sow-editor-base\"\n\t\t\t\n\t\t>\n<div class=\"siteorigin-widget-tinymce textwidget\">\n\t<p><span style=\"font-family: Verdana;\">Outre le clavecin, deux nouveaux instruments composaient ce trio : la viole de gambe (\"cousine\" du violoncelle) et le traverso (\"grand-p\u00e8re\" de la fl\u00fbte traversi\u00e8re).<\/span><br \/>\n<span style=\"font-family: Verdana;\">Comme pour les 1\u00e8res rencontres, Aur\u00e9lie Branger, m\u00e9diatrice culturelle des <span class=\"il\">Talens<\/span> <span class=\"il\">Lyriques<\/span>, a su <\/span><span style=\"font-family: Verdana;\">brillamment animer ces rencontres riches en \u00e9motions musicales.<br \/>\n<\/span><\/p>\n<p><span style=\"font-family: Verdana;\">[<\/span><span style=\"font-family: Verdana;\">Marjolaine Cambon : viole de gambe \/ <\/span><span style=\"font-family: Verdana;\">Jocelyn Daubigney : traverso \/ <\/span><span style=\"font-family: Verdana;\">Marie van Rhijn, clavecin<\/span><span style=\"font-family: Verdana;\">]<\/span><\/p>\n<\/div>\n<\/div><\/div><\/div><\/div><div id=\"pg-w5fd652ff56283-1\"  class=\"panel-grid panel-no-style\" ><div id=\"pgc-w5fd652ff56283-1-0\"  class=\"panel-grid-cell\" ><div id=\"panel-w5fd652ff56283-1-0-0\" class=\"so-panel widget widget_sow-button panel-first-child panel-last-child\" data-index=\"1\" ><div\n\t\t\t\n\t\t\tclass=\"so-widget-sow-button so-widget-sow-button-atom-967b4a20a995\"\n\t\t\t\n\t\t><div class=\"ow-button-base ow-button-align-center\"\n>\n\t\t\t<a\n\t\t\t\t\thref=\"https:\/\/drive.google.com\/file\/d\/1-hMFOUN9hhdHunV4htqQSu4WUUqwk9GH\/view?usp=sharing\"\n\t\t\t\t\tclass=\"sowb-button ow-icon-placement-left ow-button-hover\" target=\"_blank\" rel=\"noopener noreferrer\" \t>\n\t\t<span>\n\t\t\t\n\t\t\tVideo 1\t\t<\/span>\n\t\t\t<\/a>\n\t<\/div>\n<\/div><\/div><\/div><div id=\"pgc-w5fd652ff56283-1-1\"  class=\"panel-grid-cell\" ><div id=\"panel-w5fd652ff56283-1-1-0\" class=\"so-panel widget widget_sow-button panel-first-child panel-last-child\" data-index=\"2\" ><div\n\t\t\t\n\t\t\tclass=\"so-widget-sow-button so-widget-sow-button-atom-967b4a20a995\"\n\t\t\t\n\t\t><div class=\"ow-button-base ow-button-align-center\"\n>\n\t\t\t<a\n\t\t\t\t\thref=\"https:\/\/drive.google.com\/file\/d\/1-tzziwEh9vbeQPUtBs-Y0cSMfjFpxduK\/view?usp=sharing\"\n\t\t\t\t\tclass=\"sowb-button ow-icon-placement-left ow-button-hover\" target=\"_blank\" rel=\"noopener noreferrer\" \t>\n\t\t<span>\n\t\t\t\n\t\t\tVideo 2\t\t<\/span>\n\t\t\t<\/a>\n\t<\/div>\n<\/div><\/div><\/div><div id=\"pgc-w5fd652ff56283-1-2\"  class=\"panel-grid-cell\" ><div id=\"panel-w5fd652ff56283-1-2-0\" class=\"so-panel widget widget_sow-button panel-first-child panel-last-child\" data-index=\"3\" ><div\n\t\t\t\n\t\t\tclass=\"so-widget-sow-button so-widget-sow-button-atom-967b4a20a995\"\n\t\t\t\n\t\t><div class=\"ow-button-base ow-button-align-center\"\n>\n\t\t\t<a\n\t\t\t\t\thref=\"https:\/\/drive.google.com\/file\/d\/1eb4KP24S0u7ig3fBloTPh3FttJBAjqge\/view?usp=sharing\"\n\t\t\t\t\tclass=\"sowb-button ow-icon-placement-left ow-button-hover\" target=\"_blank\" rel=\"noopener noreferrer\" \t>\n\t\t<span>\n\t\t\t\n\t\t\tVideo 3\t\t<\/span>\n\t\t\t<\/a>\n\t<\/div>\n<\/div><\/div><\/div><\/div><\/div><\/div><\/div><\/div><div id=\"pg-11049-5\"  class=\"panel-grid panel-no-style\" ><div id=\"pgc-11049-5-0\"  class=\"panel-grid-cell\" ><div id=\"panel-11049-5-0-0\" class=\"so-panel widget widget_sow-editor panel-first-child panel-last-child\" data-index=\"7\" ><div\n\t\t\t\n\t\t\tclass=\"so-widget-sow-editor so-widget-sow-editor-base\"\n\t\t\t\n\t\t>\n<div class=\"siteorigin-widget-tinymce textwidget\">\n\t<p><span style=\"font-family: Verdana;\">Ces petites bulles d'air musicales en ces temps de confinement ont fait beaucoup de bien \u00e0 tou.te.s, musicien.ne.s <a href=\"http:\/\/compris.es\" target=\"_blank\" rel=\"noopener noreferrer\" data-saferedirecturl=\"https:\/\/www.google.com\/url?q=http:\/\/compris.es&amp;source=gmail&amp;ust=1607959863439000&amp;usg=AFQjCNHQLnzO6HK0bnZgb8wzilCubaiX2w\">compris.es<\/a> !<br \/>\nCes dernier.e.s \u00e9taient ravi.e.s de l'accueil et de l'\u00e9coute des \u00e9l\u00e8ves.<\/span><\/p>\n<p>Bravo et merci \u00e0 tou.te.s !<\/p>\n<\/div>\n<\/div><\/div><\/div><\/div><\/div><h3>Images li\u00e9es:<\/h3>","protected":false},"excerpt":{"rendered":"<p>Dans le cadre de la r\u00e9sidence artistique des Talens Lyriques au coll\u00e8ge Henri Wallon, les \u00e9l\u00e8ves concern\u00e9s par ce projet ont assist\u00e9 \u00e0 deux rencontres musicales ! Les Talens Lyriques, c&rsquo;est un ensemble de musiciens sp\u00e9cialis\u00e9 dans la musique baroque (XVIIe &#8211; XVIIIe si\u00e8cle), qui, en presque 30 ans, s&rsquo;est produit dans 40 pays et [&hellip;]<\/p>\n","protected":false},"author":1,"featured_media":11134,"comment_status":"closed","ping_status":"closed","sticky":false,"template":"","format":"standard","meta":{"ngg_post_thumbnail":0,"footnotes":""},"categories":[49],"tags":[],"class_list":{"0":"post-11049","1":"post","2":"type-post","3":"status-publish","4":"format-standard","5":"has-post-thumbnail","7":"category-action","8":"czr-hentry"},"_links":{"self":[{"href":"http:\/\/www.college-wallon-ivry.fr\/index.php\/wp-json\/wp\/v2\/posts\/11049","targetHints":{"allow":["GET"]}}],"collection":[{"href":"http:\/\/www.college-wallon-ivry.fr\/index.php\/wp-json\/wp\/v2\/posts"}],"about":[{"href":"http:\/\/www.college-wallon-ivry.fr\/index.php\/wp-json\/wp\/v2\/types\/post"}],"author":[{"embeddable":true,"href":"http:\/\/www.college-wallon-ivry.fr\/index.php\/wp-json\/wp\/v2\/users\/1"}],"replies":[{"embeddable":true,"href":"http:\/\/www.college-wallon-ivry.fr\/index.php\/wp-json\/wp\/v2\/comments?post=11049"}],"version-history":[{"count":66,"href":"http:\/\/www.college-wallon-ivry.fr\/index.php\/wp-json\/wp\/v2\/posts\/11049\/revisions"}],"predecessor-version":[{"id":11255,"href":"http:\/\/www.college-wallon-ivry.fr\/index.php\/wp-json\/wp\/v2\/posts\/11049\/revisions\/11255"}],"wp:featuredmedia":[{"embeddable":true,"href":"http:\/\/www.college-wallon-ivry.fr\/index.php\/wp-json\/wp\/v2\/media\/11134"}],"wp:attachment":[{"href":"http:\/\/www.college-wallon-ivry.fr\/index.php\/wp-json\/wp\/v2\/media?parent=11049"}],"wp:term":[{"taxonomy":"category","embeddable":true,"href":"http:\/\/www.college-wallon-ivry.fr\/index.php\/wp-json\/wp\/v2\/categories?post=11049"},{"taxonomy":"post_tag","embeddable":true,"href":"http:\/\/www.college-wallon-ivry.fr\/index.php\/wp-json\/wp\/v2\/tags?post=11049"}],"curies":[{"name":"wp","href":"https:\/\/api.w.org\/{rel}","templated":true}]}}