{"id":12122,"date":"2021-06-20T19:32:58","date_gmt":"2021-06-20T17:32:58","guid":{"rendered":"http:\/\/www.college-wallon-ivry.fr\/?p=12122"},"modified":"2022-07-07T20:07:14","modified_gmt":"2022-07-07T18:07:14","slug":"du-bio-pour-proteger-leau-le-film-des-5eme6","status":"publish","type":"post","link":"http:\/\/www.college-wallon-ivry.fr\/index.php\/2021\/06\/20\/du-bio-pour-proteger-leau-le-film-des-5eme6\/","title":{"rendered":"Du bio pour prot\u00e9ger l&rsquo;eau : le film des 5\u00e8me6"},"content":{"rendered":"<div id=\"pl-12122\"  class=\"panel-layout\" ><div id=\"pg-12122-0\"  class=\"panel-grid panel-no-style\" ><div id=\"pgc-12122-0-0\"  class=\"panel-grid-cell\" ><div id=\"panel-12122-0-0-0\" class=\"so-panel widget widget_sow-editor panel-first-child\" data-index=\"0\" ><div\n\t\t\t\n\t\t\tclass=\"so-widget-sow-editor so-widget-sow-editor-base\"\n\t\t\t\n\t\t>\n<div class=\"siteorigin-widget-tinymce textwidget\">\n\t<p>Les \u00e9l\u00e8ve de 5\u00e8me6 ont particip\u00e9 \u00e0 la r\u00e9alisation de ce film avec La Fabrik'.<\/p>\n<p>&nbsp;<\/p>\n<\/div>\n<\/div><\/div><div id=\"panel-12122-0-0-1\" class=\"so-panel widget widget_sow-image panel-last-child\" data-index=\"1\" ><div\n\t\t\t\n\t\t\tclass=\"so-widget-sow-image so-widget-sow-image-default-8b5b6f678277-12122\"\n\t\t\t\n\t\t>\n<div class=\"sow-image-container\">\n\t\t\t<a href=\"https:\/\/drive.google.com\/file\/d\/1eNzapwzXwPFkDBkrPLa-zbnueYrmFoj2\/view?usp=sharing\"\n\t\t\t\t\t>\n\t\t\t<img \n\tsrc=\"http:\/\/www.college-wallon-ivry.fr\/wp-content\/uploads\/2021\/06\/Capture-film-5eme6.jpg\" width=\"1000\" height=\"773\" srcset=\"http:\/\/www.college-wallon-ivry.fr\/wp-content\/uploads\/2021\/06\/Capture-film-5eme6.jpg 1000w, http:\/\/www.college-wallon-ivry.fr\/wp-content\/uploads\/2021\/06\/Capture-film-5eme6-300x232.jpg 300w, http:\/\/www.college-wallon-ivry.fr\/wp-content\/uploads\/2021\/06\/Capture-film-5eme6-768x594.jpg 768w, http:\/\/www.college-wallon-ivry.fr\/wp-content\/uploads\/2021\/06\/Capture-film-5eme6-400x309.jpg 400w\" sizes=\"(max-width: 1000px) 100vw, 1000px\" title=\"Capture film 5eme6\" alt=\"\" \t\tclass=\"so-widget-image\"\/>\n\t\t\t<\/a><\/div>\n\n<\/div><\/div><\/div><\/div><\/div><h3>Images li\u00e9es:<\/h3>","protected":false},"excerpt":{"rendered":"<p>Les \u00e9l\u00e8ve de 5\u00e8me6 ont particip\u00e9 \u00e0 la r\u00e9alisation de ce film avec La Fabrik&rsquo;. &nbsp;<\/p>\n","protected":false},"author":1,"featured_media":12123,"comment_status":"closed","ping_status":"closed","sticky":false,"template":"","format":"standard","meta":{"ngg_post_thumbnail":0,"footnotes":""},"categories":[49,63,29],"tags":[],"class_list":{"0":"post-12122","1":"post","2":"type-post","3":"status-publish","4":"format-standard","5":"has-post-thumbnail","7":"category-action","8":"category-environnement","9":"category-videos","10":"czr-hentry"},"_links":{"self":[{"href":"http:\/\/www.college-wallon-ivry.fr\/index.php\/wp-json\/wp\/v2\/posts\/12122","targetHints":{"allow":["GET"]}}],"collection":[{"href":"http:\/\/www.college-wallon-ivry.fr\/index.php\/wp-json\/wp\/v2\/posts"}],"about":[{"href":"http:\/\/www.college-wallon-ivry.fr\/index.php\/wp-json\/wp\/v2\/types\/post"}],"author":[{"embeddable":true,"href":"http:\/\/www.college-wallon-ivry.fr\/index.php\/wp-json\/wp\/v2\/users\/1"}],"replies":[{"embeddable":true,"href":"http:\/\/www.college-wallon-ivry.fr\/index.php\/wp-json\/wp\/v2\/comments?post=12122"}],"version-history":[{"count":2,"href":"http:\/\/www.college-wallon-ivry.fr\/index.php\/wp-json\/wp\/v2\/posts\/12122\/revisions"}],"predecessor-version":[{"id":12125,"href":"http:\/\/www.college-wallon-ivry.fr\/index.php\/wp-json\/wp\/v2\/posts\/12122\/revisions\/12125"}],"wp:featuredmedia":[{"embeddable":true,"href":"http:\/\/www.college-wallon-ivry.fr\/index.php\/wp-json\/wp\/v2\/media\/12123"}],"wp:attachment":[{"href":"http:\/\/www.college-wallon-ivry.fr\/index.php\/wp-json\/wp\/v2\/media?parent=12122"}],"wp:term":[{"taxonomy":"category","embeddable":true,"href":"http:\/\/www.college-wallon-ivry.fr\/index.php\/wp-json\/wp\/v2\/categories?post=12122"},{"taxonomy":"post_tag","embeddable":true,"href":"http:\/\/www.college-wallon-ivry.fr\/index.php\/wp-json\/wp\/v2\/tags?post=12122"}],"curies":[{"name":"wp","href":"https:\/\/api.w.org\/{rel}","templated":true}]}}