{"id":12764,"date":"2022-02-26T20:03:07","date_gmt":"2022-02-26T19:03:07","guid":{"rendered":"http:\/\/www.college-wallon-ivry.fr\/?p=12764"},"modified":"2022-07-07T20:04:28","modified_gmt":"2022-07-07T18:04:28","slug":"les-futurs-lyceens-visitent-le-lycee-jean-mace","status":"publish","type":"post","link":"http:\/\/www.college-wallon-ivry.fr\/index.php\/2022\/02\/26\/les-futurs-lyceens-visitent-le-lycee-jean-mace\/","title":{"rendered":"Les futurs lyc\u00e9ens visitent le lyc\u00e9e Jean Mac\u00e9"},"content":{"rendered":"<div id=\"pl-12764\"  class=\"panel-layout\" ><div id=\"pg-12764-0\"  class=\"panel-grid panel-no-style\" ><div id=\"pgc-12764-0-0\"  class=\"panel-grid-cell\" ><div id=\"panel-12764-0-0-0\" class=\"so-panel widget widget_sow-editor panel-first-child panel-last-child\" data-index=\"0\" ><div\n\t\t\t\n\t\t\tclass=\"so-widget-sow-editor so-widget-sow-editor-base\"\n\t\t\t\n\t\t>\n<div class=\"siteorigin-widget-tinymce textwidget\">\n\t<p>22 \u00e9l\u00e8ves ont particip\u00e9 et pu avoir un aper\u00e7u des fili\u00e8res Chaudronerie et AGORA (gestion administration).<\/p>\n<p>Bel accueil qui a donn\u00e9 des pistes \u00e0 l\u2019\u00e9laboration des projets personnels d\u2019orientation de nos \u00e9l\u00e8ves accompagn\u00e9s de professeurs principaux.<\/p>\n<\/div>\n<\/div><\/div><\/div><\/div><div id=\"pg-12764-1\"  class=\"panel-grid panel-no-style\" ><div id=\"pgc-12764-1-0\"  class=\"panel-grid-cell\" ><div id=\"panel-12764-1-0-0\" class=\"so-panel widget widget_sow-editor panel-first-child panel-last-child\" data-index=\"1\" ><div\n\t\t\t\n\t\t\tclass=\"so-widget-sow-editor so-widget-sow-editor-base\"\n\t\t\t\n\t\t>\n<div class=\"siteorigin-widget-tinymce textwidget\">\n\tngg_shortcode_0_placeholder\n<\/div>\n<\/div><\/div><\/div><\/div><\/div><h3>Images li\u00e9es:<\/h3>","protected":false},"excerpt":{"rendered":"<p>22 \u00e9l\u00e8ves ont particip\u00e9 et pu avoir un aper\u00e7u des fili\u00e8res Chaudronerie et AGORA (gestion administration). Bel accueil qui a donn\u00e9 des pistes \u00e0 l\u2019\u00e9laboration des projets personnels d\u2019orientation de nos \u00e9l\u00e8ves accompagn\u00e9s de professeurs principaux.<\/p>\n","protected":false},"author":1,"featured_media":12767,"comment_status":"closed","ping_status":"closed","sticky":false,"template":"","format":"standard","meta":{"ngg_post_thumbnail":0,"footnotes":""},"categories":[49],"tags":[],"class_list":{"0":"post-12764","1":"post","2":"type-post","3":"status-publish","4":"format-standard","5":"has-post-thumbnail","7":"category-action","8":"czr-hentry"},"_links":{"self":[{"href":"http:\/\/www.college-wallon-ivry.fr\/index.php\/wp-json\/wp\/v2\/posts\/12764","targetHints":{"allow":["GET"]}}],"collection":[{"href":"http:\/\/www.college-wallon-ivry.fr\/index.php\/wp-json\/wp\/v2\/posts"}],"about":[{"href":"http:\/\/www.college-wallon-ivry.fr\/index.php\/wp-json\/wp\/v2\/types\/post"}],"author":[{"embeddable":true,"href":"http:\/\/www.college-wallon-ivry.fr\/index.php\/wp-json\/wp\/v2\/users\/1"}],"replies":[{"embeddable":true,"href":"http:\/\/www.college-wallon-ivry.fr\/index.php\/wp-json\/wp\/v2\/comments?post=12764"}],"version-history":[{"count":4,"href":"http:\/\/www.college-wallon-ivry.fr\/index.php\/wp-json\/wp\/v2\/posts\/12764\/revisions"}],"predecessor-version":[{"id":12783,"href":"http:\/\/www.college-wallon-ivry.fr\/index.php\/wp-json\/wp\/v2\/posts\/12764\/revisions\/12783"}],"wp:featuredmedia":[{"embeddable":true,"href":"http:\/\/www.college-wallon-ivry.fr\/index.php\/wp-json\/wp\/v2\/media\/12767"}],"wp:attachment":[{"href":"http:\/\/www.college-wallon-ivry.fr\/index.php\/wp-json\/wp\/v2\/media?parent=12764"}],"wp:term":[{"taxonomy":"category","embeddable":true,"href":"http:\/\/www.college-wallon-ivry.fr\/index.php\/wp-json\/wp\/v2\/categories?post=12764"},{"taxonomy":"post_tag","embeddable":true,"href":"http:\/\/www.college-wallon-ivry.fr\/index.php\/wp-json\/wp\/v2\/tags?post=12764"}],"curies":[{"name":"wp","href":"https:\/\/api.w.org\/{rel}","templated":true}]}}