{"id":13231,"date":"2022-09-19T20:45:39","date_gmt":"2022-09-19T18:45:39","guid":{"rendered":"http:\/\/www.college-wallon-ivry.fr\/?p=13231"},"modified":"2022-09-19T22:01:31","modified_gmt":"2022-09-19T20:01:31","slug":"13231","status":"publish","type":"post","link":"http:\/\/www.college-wallon-ivry.fr\/index.php\/2022\/09\/19\/13231\/","title":{"rendered":"L&rsquo;option football f\u00e9minin c&rsquo;est reparti !"},"content":{"rendered":"<div id=\"pl-13231\"  class=\"panel-layout\" ><div id=\"pg-13231-0\"  class=\"panel-grid panel-no-style\" ><div id=\"pgc-13231-0-0\"  class=\"panel-grid-cell\" ><div id=\"panel-13231-0-0-0\" class=\"so-panel widget widget_sow-editor panel-first-child panel-last-child\" data-index=\"0\" ><div\n\t\t\t\n\t\t\tclass=\"so-widget-sow-editor so-widget-sow-editor-base\"\n\t\t\t\n\t\t>\n<div class=\"siteorigin-widget-tinymce textwidget\">\n\t<p>Au coll\u00e8ge Henri Wallon existe depuis maintenant 4 ans une classe \u00e0 option \"football f\u00e9minin\" \u00e0 chaque niveau de la 6\u00e8me \u00e0 la 3\u00e8me.<br \/>\nCette option offre aux \u00e9l\u00e8ves un entra\u00eenement de foot d'1h30 par semaine, en plus des cours d'EPS, ainsi que des \u00e9v\u00e8nements ponctuels sportifs ou culturels.<\/p>\n<p>L'entra\u00eenement a lieu tous les mardis de 16h \u00e0 17h30 au Stade L\u00e9nine et est encadr\u00e9 par Mme Mazzoleni, professeure d'EPS du coll\u00e8ge.<\/p>\n<\/div>\n<\/div><\/div><\/div><\/div><div id=\"pg-13231-1\"  class=\"panel-grid panel-no-style\" ><div id=\"pgc-13231-1-0\"  class=\"panel-grid-cell\" ><div id=\"panel-13231-1-0-0\" class=\"so-panel widget widget_sow-editor panel-first-child panel-last-child\" data-index=\"1\" ><div\n\t\t\t\n\t\t\tclass=\"so-widget-sow-editor so-widget-sow-editor-base\"\n\t\t\t\n\t\t>\n<div class=\"siteorigin-widget-tinymce textwidget\">\n\t<p>Pour la seconde ann\u00e9e cons\u00e9cutive le coll\u00e8ge s'associe au CA Vitry en signant une convention (en pi\u00e8ce jointe) afin d'offrir aux \u00e9l\u00e8ves des entra\u00eenements plus sp\u00e9cifiques, encadr\u00e9s par un \u00e9ducateur du club en plus de Mme Mazzoleni.<\/p>\n<p>Ce partenariat permet aussi de faciliter la prise de licence en club et d'inciter les \u00e9l\u00e8ves \u00e0 poursuivre la pratique en dehors de l'\u00e9cole. Le CA Vitry offre un prix pr\u00e9f\u00e9rentiel et un \u00e9quipement complet pour toute nouvelle adh\u00e9sion (se renseigner aupr\u00e8s de Mme Mazzoleni).<\/p>\n<p>&nbsp;<\/p>\n<\/div>\n<\/div><\/div><\/div><div id=\"pgc-13231-1-1\"  class=\"panel-grid-cell\" ><div id=\"panel-13231-1-1-0\" class=\"so-panel widget widget_sow-button panel-first-child\" data-index=\"2\" ><div\n\t\t\t\n\t\t\tclass=\"so-widget-sow-button so-widget-sow-button-wire-b4a7f155db7f-13231\"\n\t\t\t\n\t\t><div class=\"ow-button-base ow-button-align-center\"\n>\n\t\t\t<a\n\t\t\t\tclass=\"sowb-button ow-icon-placement-left ow-button-hover\" \t>\n\t\t<span>\n\t\t\t\n\t\t\tConvention de partenariat 2022-2023\t\t<\/span>\n\t\t\t<\/a>\n\t<\/div>\n<\/div><\/div><div id=\"panel-13231-1-1-1\" class=\"so-panel widget widget_sow-image panel-last-child\" data-index=\"3\" ><div class=\"so-rounded panel-widget-style panel-widget-style-for-13231-1-1-1\" ><div\n\t\t\t\n\t\t\tclass=\"so-widget-sow-image so-widget-sow-image-default-c67d20f9f743-13231\"\n\t\t\t\n\t\t>\n<div class=\"sow-image-container\">\n\t\t\t<a href=\"http:\/\/Convention%20de%20partenariat%202022-2023\"\n\t\t\t\t\t>\n\t\t\t<img \n\tsrc=\"http:\/\/www.college-wallon-ivry.fr\/wp-content\/uploads\/2022\/09\/Convention-College-H-Wallon-Ivry-CA-Vitry-2022-2023-pdf-106x150.jpg\" width=\"106\" height=\"150\" sizes=\"(max-width: 106px) 100vw, 106px\" title=\"Convention Coll\u00e8ge H Wallon Ivry-CA Vitry 2022-2023\" alt=\"\" \t\tclass=\"so-widget-image\"\/>\n\t\t\t<\/a><\/div>\n\n<\/div><\/div><\/div><\/div><\/div><div id=\"pg-13231-2\"  class=\"panel-grid panel-no-style\" ><div id=\"pgc-13231-2-0\"  class=\"panel-grid-cell\" ><div id=\"panel-13231-2-0-0\" class=\"so-panel widget widget_sow-editor panel-first-child panel-last-child\" data-index=\"4\" ><div\n\t\t\t\n\t\t\tclass=\"so-widget-sow-editor so-widget-sow-editor-base\"\n\t\t\t\n\t\t>\n<div class=\"siteorigin-widget-tinymce textwidget\">\n\t<p>Une r\u00e9union d'information pour les parents a eu lieu jeudi 8 septembre au coll\u00e8ge et a \u00e9t\u00e9 l'occasion de signer la nouvelle convention 2022-2023 en pr\u00e9sence de M. Foppiani, pr\u00e9sident du CAV, et de M. Ordonnez, principal du coll\u00e8ge.<\/p>\n<\/div>\n<\/div><\/div><\/div><\/div><div id=\"pg-13231-3\"  class=\"panel-grid panel-no-style\" ><div id=\"pgc-13231-3-0\"  class=\"panel-grid-cell\" ><div id=\"panel-13231-3-0-0\" class=\"so-panel widget widget_sow-image panel-first-child panel-last-child\" data-index=\"5\" ><div\n\t\t\t\n\t\t\tclass=\"so-widget-sow-image so-widget-sow-image-default-c67d20f9f743-13231\"\n\t\t\t\n\t\t>\n<div class=\"sow-image-container\">\n\t\t\t<a href=\"http:\/\/www.college-wallon-ivry.fr\/wp-content\/uploads\/2022\/09\/IMG_20220908_175519-scaled.jpg\"\n\t\t\t\t\t>\n\t\t\t<img \n\tsrc=\"http:\/\/www.college-wallon-ivry.fr\/wp-content\/uploads\/2022\/09\/IMG_20220908_175519-300x225.jpg\" width=\"300\" height=\"225\" srcset=\"http:\/\/www.college-wallon-ivry.fr\/wp-content\/uploads\/2022\/09\/IMG_20220908_175519-300x225.jpg 300w, http:\/\/www.college-wallon-ivry.fr\/wp-content\/uploads\/2022\/09\/IMG_20220908_175519-1024x768.jpg 1024w, http:\/\/www.college-wallon-ivry.fr\/wp-content\/uploads\/2022\/09\/IMG_20220908_175519-768x576.jpg 768w, http:\/\/www.college-wallon-ivry.fr\/wp-content\/uploads\/2022\/09\/IMG_20220908_175519-1536x1152.jpg 1536w, http:\/\/www.college-wallon-ivry.fr\/wp-content\/uploads\/2022\/09\/IMG_20220908_175519-2048x1536.jpg 2048w, http:\/\/www.college-wallon-ivry.fr\/wp-content\/uploads\/2022\/09\/IMG_20220908_175519-400x300.jpg 400w\" sizes=\"(max-width: 300px) 100vw, 300px\" title=\"IMG_20220908_175519\" alt=\"\" \t\tclass=\"so-widget-image\"\/>\n\t\t\t<\/a><\/div>\n\n<\/div><\/div><\/div><\/div><\/div><h3>Images li\u00e9es:<\/h3>","protected":false},"excerpt":{"rendered":"<p>Au coll\u00e8ge Henri Wallon existe depuis maintenant 4 ans une classe \u00e0 option \u00ab\u00a0football f\u00e9minin\u00a0\u00bb \u00e0 chaque niveau de la 6\u00e8me \u00e0 la 3\u00e8me. Cette option offre aux \u00e9l\u00e8ves un entra\u00eenement de foot d&rsquo;1h30 par semaine, en plus des cours d&rsquo;EPS, ainsi que des \u00e9v\u00e8nements ponctuels sportifs ou culturels. L&rsquo;entra\u00eenement a lieu tous les mardis [&hellip;]<\/p>\n","protected":false},"author":1,"featured_media":13232,"comment_status":"closed","ping_status":"closed","sticky":true,"template":"","format":"standard","meta":{"ngg_post_thumbnail":0,"footnotes":""},"categories":[49,60],"tags":[],"class_list":{"0":"post-13231","1":"post","2":"type-post","3":"status-publish","4":"format-standard","5":"has-post-thumbnail","7":"category-action","8":"category-foot","9":"czr-hentry"},"_links":{"self":[{"href":"http:\/\/www.college-wallon-ivry.fr\/index.php\/wp-json\/wp\/v2\/posts\/13231","targetHints":{"allow":["GET"]}}],"collection":[{"href":"http:\/\/www.college-wallon-ivry.fr\/index.php\/wp-json\/wp\/v2\/posts"}],"about":[{"href":"http:\/\/www.college-wallon-ivry.fr\/index.php\/wp-json\/wp\/v2\/types\/post"}],"author":[{"embeddable":true,"href":"http:\/\/www.college-wallon-ivry.fr\/index.php\/wp-json\/wp\/v2\/users\/1"}],"replies":[{"embeddable":true,"href":"http:\/\/www.college-wallon-ivry.fr\/index.php\/wp-json\/wp\/v2\/comments?post=13231"}],"version-history":[{"count":21,"href":"http:\/\/www.college-wallon-ivry.fr\/index.php\/wp-json\/wp\/v2\/posts\/13231\/revisions"}],"predecessor-version":[{"id":13254,"href":"http:\/\/www.college-wallon-ivry.fr\/index.php\/wp-json\/wp\/v2\/posts\/13231\/revisions\/13254"}],"wp:featuredmedia":[{"embeddable":true,"href":"http:\/\/www.college-wallon-ivry.fr\/index.php\/wp-json\/wp\/v2\/media\/13232"}],"wp:attachment":[{"href":"http:\/\/www.college-wallon-ivry.fr\/index.php\/wp-json\/wp\/v2\/media?parent=13231"}],"wp:term":[{"taxonomy":"category","embeddable":true,"href":"http:\/\/www.college-wallon-ivry.fr\/index.php\/wp-json\/wp\/v2\/categories?post=13231"},{"taxonomy":"post_tag","embeddable":true,"href":"http:\/\/www.college-wallon-ivry.fr\/index.php\/wp-json\/wp\/v2\/tags?post=13231"}],"curies":[{"name":"wp","href":"https:\/\/api.w.org\/{rel}","templated":true}]}}