{"id":13255,"date":"2022-10-03T15:21:22","date_gmt":"2022-10-03T13:21:22","guid":{"rendered":"http:\/\/www.college-wallon-ivry.fr\/?p=13255"},"modified":"2023-08-24T13:09:53","modified_gmt":"2023-08-24T11:09:53","slug":"rencontre-avec-la-redaction-du-monde","status":"publish","type":"post","link":"http:\/\/www.college-wallon-ivry.fr\/index.php\/2022\/10\/03\/rencontre-avec-la-redaction-du-monde\/","title":{"rendered":"Rencontre avec la r\u00e9daction du Monde"},"content":{"rendered":"<div id=\"pl-13255\"  class=\"panel-layout\" ><div id=\"pg-13255-0\"  class=\"panel-grid panel-no-style\" ><div id=\"pgc-13255-0-0\"  class=\"panel-grid-cell\" ><div id=\"panel-13255-0-0-0\" class=\"so-panel widget widget_sow-editor panel-first-child panel-last-child\" data-index=\"0\" ><div\n\t\t\t\n\t\t\tclass=\"so-widget-sow-editor so-widget-sow-editor-base\"\n\t\t\t\n\t\t>\n<div class=\"siteorigin-widget-tinymce textwidget\">\n\t<p>A l'occasion du \"Festival du Monde\", trois classes de 3\u00e8me du coll\u00e8ge ont pu rencontr\u00e9 la r\u00e9daction du journal \"Le Monde\" dans ses locaux du 13\u00e8me arrondissement de Paris.<\/p>\n<p>&nbsp;Au programme : apr\u00e8s une pr\u00e9sentation du journal assur\u00e9e par des membres de <span class=\"il\">la<\/span> direction de <span class=\"il\">la<\/span> r\u00e9daction, des repr\u00e9sentants de divers services adapt\u00e9s \u00e0 l'\u00e2ge des \u00e9l\u00e8ves (par exemple Vid\u00e9o, Snapchat, <span class=\"il\">Les<\/span> D\u00e9codeurs...), viendront \u00e9changer avec eux et r\u00e9pondre \u00e0 leurs questions.&nbsp;<\/p>\n<\/div>\n<\/div><\/div><\/div><\/div><div id=\"pg-13255-1\"  class=\"panel-grid panel-no-style\" ><div id=\"pgc-13255-1-0\"  class=\"panel-grid-cell\" ><div id=\"panel-13255-1-0-0\" class=\"so-panel widget widget_sow-editor panel-first-child panel-last-child\" data-index=\"1\" ><div\n\t\t\t\n\t\t\tclass=\"so-widget-sow-editor so-widget-sow-editor-base\"\n\t\t\t\n\t\t>\n<div class=\"siteorigin-widget-tinymce textwidget\">\n\t<div>14h30 : pr\u00e9sentation g\u00e9n\u00e9rale du journal, de son fonctionnement, des diff\u00e9rents m\u00e9tiers du journalisme...<\/div>\n<div>15h : intervention du service Vid\u00e9o<\/div>\n<div>15h30 : intervention du service SME (Social Media Editors : journalistes responsables des r\u00e9seaux sociaux)<\/div>\n<div>16h : intervention d'un grand reporter<\/div>\n<div>&nbsp;<\/div>\n<div>Chaque demi-heure consistera en une petite pr\u00e9sentation du service et un \u00e9change de questions\/r\u00e9ponses avec <span class=\"il\">les<\/span> \u00e9l\u00e8ves.<\/div>\n<div>&nbsp;<\/div>\n<p>&nbsp;<\/p>\n<\/div>\n<\/div><\/div><\/div><div id=\"pgc-13255-1-1\"  class=\"panel-grid-cell\" ><div id=\"panel-13255-1-1-0\" class=\"so-panel widget widget_sow-image panel-first-child panel-last-child\" data-index=\"2\" ><div\n\t\t\t\n\t\t\tclass=\"so-widget-sow-image so-widget-sow-image-default-c67d20f9f743-13255\"\n\t\t\t\n\t\t>\n<div class=\"sow-image-container\">\n\t\t\t<a href=\"http:\/\/www.college-wallon-ivry.fr\/wp-content\/uploads\/2022\/09\/IMG20220915143437-scaled.jpg\"\n\t\t\t\t\t>\n\t\t\t<img \n\tsrc=\"http:\/\/www.college-wallon-ivry.fr\/wp-content\/uploads\/2022\/09\/IMG20220915143437-300x225.jpg\" width=\"300\" height=\"225\" srcset=\"http:\/\/www.college-wallon-ivry.fr\/wp-content\/uploads\/2022\/09\/IMG20220915143437-300x225.jpg 300w, http:\/\/www.college-wallon-ivry.fr\/wp-content\/uploads\/2022\/09\/IMG20220915143437-1024x768.jpg 1024w, http:\/\/www.college-wallon-ivry.fr\/wp-content\/uploads\/2022\/09\/IMG20220915143437-768x576.jpg 768w, http:\/\/www.college-wallon-ivry.fr\/wp-content\/uploads\/2022\/09\/IMG20220915143437-1536x1152.jpg 1536w, http:\/\/www.college-wallon-ivry.fr\/wp-content\/uploads\/2022\/09\/IMG20220915143437-2048x1536.jpg 2048w, http:\/\/www.college-wallon-ivry.fr\/wp-content\/uploads\/2022\/09\/IMG20220915143437-400x300.jpg 400w\" sizes=\"(max-width: 300px) 100vw, 300px\" title=\"IMG20220915143437\" alt=\"\" \t\tclass=\"so-widget-image\"\/>\n\t\t\t<\/a><\/div>\n\n<\/div><\/div><\/div><\/div><div id=\"pg-13255-2\"  class=\"panel-grid panel-no-style\" ><div id=\"pgc-13255-2-0\"  class=\"panel-grid-cell\" ><div id=\"panel-13255-2-0-0\" class=\"so-panel widget widget_sow-editor panel-first-child panel-last-child\" data-index=\"3\" ><div\n\t\t\t\n\t\t\tclass=\"so-widget-sow-editor so-widget-sow-editor-base\"\n\t\t\t\n\t\t>\n<div class=\"siteorigin-widget-tinymce textwidget\">\n\tngg_shortcode_0_placeholder\n<\/div>\n<\/div><\/div><\/div><\/div><\/div><h3>Images li\u00e9es:<\/h3>","protected":false},"excerpt":{"rendered":"<p>A l&rsquo;occasion du \u00ab\u00a0Festival du Monde\u00a0\u00bb, trois classes de 3\u00e8me du coll\u00e8ge ont pu rencontr\u00e9 la r\u00e9daction du journal \u00ab\u00a0Le Monde\u00a0\u00bb dans ses locaux du 13\u00e8me arrondissement de Paris. &nbsp;Au programme : apr\u00e8s une pr\u00e9sentation du journal assur\u00e9e par des membres de la direction de la r\u00e9daction, des repr\u00e9sentants de divers services adapt\u00e9s \u00e0 l&rsquo;\u00e2ge [&hellip;]<\/p>\n","protected":false},"author":1,"featured_media":13256,"comment_status":"closed","ping_status":"closed","sticky":true,"template":"","format":"standard","meta":{"ngg_post_thumbnail":0,"footnotes":""},"categories":[49,14,28,68],"tags":[],"class_list":{"0":"post-13255","1":"post","2":"type-post","3":"status-publish","4":"format-standard","5":"has-post-thumbnail","7":"category-action","8":"category-pedagogie","9":"category-photos","10":"category-sorties-scolaires","11":"czr-hentry"},"_links":{"self":[{"href":"http:\/\/www.college-wallon-ivry.fr\/index.php\/wp-json\/wp\/v2\/posts\/13255","targetHints":{"allow":["GET"]}}],"collection":[{"href":"http:\/\/www.college-wallon-ivry.fr\/index.php\/wp-json\/wp\/v2\/posts"}],"about":[{"href":"http:\/\/www.college-wallon-ivry.fr\/index.php\/wp-json\/wp\/v2\/types\/post"}],"author":[{"embeddable":true,"href":"http:\/\/www.college-wallon-ivry.fr\/index.php\/wp-json\/wp\/v2\/users\/1"}],"replies":[{"embeddable":true,"href":"http:\/\/www.college-wallon-ivry.fr\/index.php\/wp-json\/wp\/v2\/comments?post=13255"}],"version-history":[{"count":6,"href":"http:\/\/www.college-wallon-ivry.fr\/index.php\/wp-json\/wp\/v2\/posts\/13255\/revisions"}],"predecessor-version":[{"id":13272,"href":"http:\/\/www.college-wallon-ivry.fr\/index.php\/wp-json\/wp\/v2\/posts\/13255\/revisions\/13272"}],"wp:featuredmedia":[{"embeddable":true,"href":"http:\/\/www.college-wallon-ivry.fr\/index.php\/wp-json\/wp\/v2\/media\/13256"}],"wp:attachment":[{"href":"http:\/\/www.college-wallon-ivry.fr\/index.php\/wp-json\/wp\/v2\/media?parent=13255"}],"wp:term":[{"taxonomy":"category","embeddable":true,"href":"http:\/\/www.college-wallon-ivry.fr\/index.php\/wp-json\/wp\/v2\/categories?post=13255"},{"taxonomy":"post_tag","embeddable":true,"href":"http:\/\/www.college-wallon-ivry.fr\/index.php\/wp-json\/wp\/v2\/tags?post=13255"}],"curies":[{"name":"wp","href":"https:\/\/api.w.org\/{rel}","templated":true}]}}