{"id":13784,"date":"2022-12-15T15:30:22","date_gmt":"2022-12-15T14:30:22","guid":{"rendered":"http:\/\/www.college-wallon-ivry.fr\/?p=13784"},"modified":"2023-08-24T13:05:27","modified_gmt":"2023-08-24T11:05:27","slug":"upe2a-rencontre-avec-une-journaliste-de-rfi","status":"publish","type":"post","link":"http:\/\/www.college-wallon-ivry.fr\/index.php\/2022\/12\/15\/upe2a-rencontre-avec-une-journaliste-de-rfi\/","title":{"rendered":"UPE2A : rencontre avec une journaliste de RFI"},"content":{"rendered":"<div id=\"pl-13784\"  class=\"panel-layout\" ><div id=\"pg-13784-0\"  class=\"panel-grid panel-no-style\" ><div id=\"pgc-13784-0-0\"  class=\"panel-grid-cell\" ><div id=\"panel-13784-0-0-0\" class=\"so-panel widget widget_sow-editor panel-first-child panel-last-child\" data-index=\"0\" ><div\n\t\t\t\n\t\t\tclass=\"so-widget-sow-editor so-widget-sow-editor-base\"\n\t\t\t\n\t\t>\n<div class=\"siteorigin-widget-tinymce textwidget\">\n\t<p><span style=\"color: #111111;\"><span style=\"font-family: arial, sans-serif;\">Tatiana Miralles, journaliste qui a travaill\u00e9 20 ans pour RFI, est venue rencontrer les UPE2A ce lundi 12 d\u00e9cembre. <\/span><\/span><\/p>\n<p><span style=\"color: #111111;\"><span style=\"font-family: arial, sans-serif;\">Gr\u00e2ce \u00e0 l\u2019association Globe Reporters, les \u00e9l\u00e8ves vont r\u00e9aliser avec Mme Miralles une&nbsp;s\u00e9rie de reportages au Burkina-Faso en f\u00e9vrier prochain. <\/span><\/span><\/p>\n<p><span style=\"color: #111111;\"><span style=\"font-family: arial, sans-serif;\">Ils vont d\u00e9terminer des sujets, des angles,&nbsp;<\/span>faire des recherches,&nbsp;\u00e9crire leurs interviews, et Mme Miralles ira sur place rencontrer les interlocuteurs, mener les interviews et prendre des photos.<\/span><\/p>\n<\/div>\n<\/div><\/div><\/div><div id=\"pgc-13784-0-1\"  class=\"panel-grid-cell\" ><div id=\"panel-13784-0-1-0\" class=\"so-panel widget widget_sow-image panel-first-child panel-last-child\" data-index=\"1\" ><div\n\t\t\t\n\t\t\tclass=\"so-widget-sow-image so-widget-sow-image-default-8b5b6f678277-13784\"\n\t\t\t\n\t\t>\n<div class=\"sow-image-container\">\n\t\t\t<a href=\"http:\/\/www.college-wallon-ivry.fr\/wp-content\/uploads\/2023\/01\/image_50423809.jpg\"\n\t\t\t\t\t>\n\t\t\t<img \n\tsrc=\"http:\/\/www.college-wallon-ivry.fr\/wp-content\/uploads\/2023\/01\/image_50423809-300x225.jpg\" width=\"300\" height=\"225\" srcset=\"http:\/\/www.college-wallon-ivry.fr\/wp-content\/uploads\/2023\/01\/image_50423809-300x225.jpg 300w, http:\/\/www.college-wallon-ivry.fr\/wp-content\/uploads\/2023\/01\/image_50423809-1024x768.jpg 1024w, http:\/\/www.college-wallon-ivry.fr\/wp-content\/uploads\/2023\/01\/image_50423809-768x576.jpg 768w, http:\/\/www.college-wallon-ivry.fr\/wp-content\/uploads\/2023\/01\/image_50423809-1536x1152.jpg 1536w, http:\/\/www.college-wallon-ivry.fr\/wp-content\/uploads\/2023\/01\/image_50423809-400x300.jpg 400w, http:\/\/www.college-wallon-ivry.fr\/wp-content\/uploads\/2023\/01\/image_50423809.jpg 2016w\" sizes=\"(max-width: 300px) 100vw, 300px\" alt=\"\" \t\tclass=\"so-widget-image\"\/>\n\t\t\t<\/a><\/div>\n\n<\/div><\/div><\/div><\/div><div id=\"pg-13784-1\"  class=\"panel-grid panel-no-style\" ><div id=\"pgc-13784-1-0\"  class=\"panel-grid-cell\" ><div id=\"panel-13784-1-0-0\" class=\"so-panel widget widget_sow-editor panel-first-child panel-last-child\" data-index=\"2\" ><div\n\t\t\t\n\t\t\tclass=\"so-widget-sow-editor so-widget-sow-editor-base\"\n\t\t\t\n\t\t>\n<div class=\"siteorigin-widget-tinymce textwidget\">\n\t<p><span style=\"color: #111111;\"> Les UPE2A \u00e9taient int\u00e9ress\u00e9s par le festival de films africains, le FESPACO, qui existe depuis 1969 et qui aura lieu fin f\u00e9vrier \u00e0 Ouagadougou. <\/span><\/p>\n<p><span style=\"color: #111111;\">Un portrait d'acteur (section acteurs adolescents), un \u00e9tat des lieux du cin\u00e9ma africain ou encore l'organisation d'un tel festival. Ils ont \u00e9galement \u00e9voqu\u00e9 des sujets autour de l\u2019histoire du Burkina-Faso et discut\u00e9 de cette fresque que l'on trouve sur un immeuble de la rue Hoche \u00e0 Ivry-sur-Seine et qui repr\u00e9sente l'ancien homme d'\u00c9tat burkinab\u00e9, Thomas Sankara.<\/span><\/p>\n<p><span style=\"color: #111111;\">Les \u00e9l\u00e8ves, intrigu\u00e9s par cette peinture, voudraient en savoir plus sur l'histoire de Sankara et s'interrogeaient sur ce qu'il repr\u00e9sente encore aujourd'hui au Burkina... <\/span><\/p>\n<\/div>\n<\/div><\/div><\/div><\/div><div id=\"pg-13784-2\"  class=\"panel-grid panel-no-style\" ><div id=\"pgc-13784-2-0\"  class=\"panel-grid-cell\" ><div id=\"panel-13784-2-0-0\" class=\"so-panel widget widget_sow-image panel-first-child panel-last-child\" data-index=\"3\" ><div\n\t\t\t\n\t\t\tclass=\"so-widget-sow-image so-widget-sow-image-default-8b5b6f678277-13784\"\n\t\t\t\n\t\t>\n<div class=\"sow-image-container\">\n\t\t\t<a href=\"http:\/\/www.college-wallon-ivry.fr\/wp-content\/uploads\/2023\/01\/image_50460161.jpg\"\n\t\t\t\t\t>\n\t\t\t<img \n\tsrc=\"http:\/\/www.college-wallon-ivry.fr\/wp-content\/uploads\/2023\/01\/image_50460161-300x225.jpg\" width=\"300\" height=\"225\" srcset=\"http:\/\/www.college-wallon-ivry.fr\/wp-content\/uploads\/2023\/01\/image_50460161-300x225.jpg 300w, http:\/\/www.college-wallon-ivry.fr\/wp-content\/uploads\/2023\/01\/image_50460161-1024x768.jpg 1024w, http:\/\/www.college-wallon-ivry.fr\/wp-content\/uploads\/2023\/01\/image_50460161-768x576.jpg 768w, http:\/\/www.college-wallon-ivry.fr\/wp-content\/uploads\/2023\/01\/image_50460161-1536x1152.jpg 1536w, http:\/\/www.college-wallon-ivry.fr\/wp-content\/uploads\/2023\/01\/image_50460161-400x300.jpg 400w, http:\/\/www.college-wallon-ivry.fr\/wp-content\/uploads\/2023\/01\/image_50460161.jpg 2016w\" sizes=\"(max-width: 300px) 100vw, 300px\" alt=\"\" \t\tclass=\"so-widget-image\"\/>\n\t\t\t<\/a><\/div>\n\n<\/div><\/div><\/div><div id=\"pgc-13784-2-1\"  class=\"panel-grid-cell\" ><div id=\"panel-13784-2-1-0\" class=\"so-panel widget widget_sow-image panel-first-child panel-last-child\" data-index=\"4\" ><div\n\t\t\t\n\t\t\tclass=\"so-widget-sow-image so-widget-sow-image-default-8b5b6f678277-13784\"\n\t\t\t\n\t\t>\n<div class=\"sow-image-container\">\n\t\t\t<a href=\"http:\/\/www.college-wallon-ivry.fr\/wp-content\/uploads\/2023\/01\/image_50447617.jpg\"\n\t\t\t\t\t>\n\t\t\t<img \n\tsrc=\"http:\/\/www.college-wallon-ivry.fr\/wp-content\/uploads\/2023\/01\/image_50447617-300x225.jpg\" width=\"300\" height=\"225\" srcset=\"http:\/\/www.college-wallon-ivry.fr\/wp-content\/uploads\/2023\/01\/image_50447617-300x225.jpg 300w, http:\/\/www.college-wallon-ivry.fr\/wp-content\/uploads\/2023\/01\/image_50447617-1024x768.jpg 1024w, http:\/\/www.college-wallon-ivry.fr\/wp-content\/uploads\/2023\/01\/image_50447617-768x576.jpg 768w, http:\/\/www.college-wallon-ivry.fr\/wp-content\/uploads\/2023\/01\/image_50447617-1536x1152.jpg 1536w, http:\/\/www.college-wallon-ivry.fr\/wp-content\/uploads\/2023\/01\/image_50447617-400x300.jpg 400w, http:\/\/www.college-wallon-ivry.fr\/wp-content\/uploads\/2023\/01\/image_50447617.jpg 2016w\" sizes=\"(max-width: 300px) 100vw, 300px\" alt=\"\" \t\tclass=\"so-widget-image\"\/>\n\t\t\t<\/a><\/div>\n\n<\/div><\/div><\/div><\/div><\/div><h3>Images li\u00e9es:<\/h3>","protected":false},"excerpt":{"rendered":"<p>Tatiana Miralles, journaliste qui a travaill\u00e9 20 ans pour RFI, est venue rencontrer les UPE2A ce lundi 12 d\u00e9cembre. Gr\u00e2ce \u00e0 l\u2019association Globe Reporters, les \u00e9l\u00e8ves vont r\u00e9aliser avec Mme Miralles une&nbsp;s\u00e9rie de reportages au Burkina-Faso en f\u00e9vrier prochain. Ils vont d\u00e9terminer des sujets, des angles,&nbsp;faire des recherches,&nbsp;\u00e9crire leurs interviews, et Mme Miralles ira sur [&hellip;]<\/p>\n","protected":false},"author":1,"featured_media":13787,"comment_status":"closed","ping_status":"closed","sticky":true,"template":"","format":"standard","meta":{"ngg_post_thumbnail":0,"footnotes":""},"categories":[70,15,16],"tags":[],"class_list":{"0":"post-13784","1":"post","2":"type-post","3":"status-publish","4":"format-standard","5":"has-post-thumbnail","7":"category-art","8":"category-projet","9":"category-realisation","10":"czr-hentry"},"_links":{"self":[{"href":"http:\/\/www.college-wallon-ivry.fr\/index.php\/wp-json\/wp\/v2\/posts\/13784","targetHints":{"allow":["GET"]}}],"collection":[{"href":"http:\/\/www.college-wallon-ivry.fr\/index.php\/wp-json\/wp\/v2\/posts"}],"about":[{"href":"http:\/\/www.college-wallon-ivry.fr\/index.php\/wp-json\/wp\/v2\/types\/post"}],"author":[{"embeddable":true,"href":"http:\/\/www.college-wallon-ivry.fr\/index.php\/wp-json\/wp\/v2\/users\/1"}],"replies":[{"embeddable":true,"href":"http:\/\/www.college-wallon-ivry.fr\/index.php\/wp-json\/wp\/v2\/comments?post=13784"}],"version-history":[{"count":6,"href":"http:\/\/www.college-wallon-ivry.fr\/index.php\/wp-json\/wp\/v2\/posts\/13784\/revisions"}],"predecessor-version":[{"id":14457,"href":"http:\/\/www.college-wallon-ivry.fr\/index.php\/wp-json\/wp\/v2\/posts\/13784\/revisions\/14457"}],"wp:featuredmedia":[{"embeddable":true,"href":"http:\/\/www.college-wallon-ivry.fr\/index.php\/wp-json\/wp\/v2\/media\/13787"}],"wp:attachment":[{"href":"http:\/\/www.college-wallon-ivry.fr\/index.php\/wp-json\/wp\/v2\/media?parent=13784"}],"wp:term":[{"taxonomy":"category","embeddable":true,"href":"http:\/\/www.college-wallon-ivry.fr\/index.php\/wp-json\/wp\/v2\/categories?post=13784"},{"taxonomy":"post_tag","embeddable":true,"href":"http:\/\/www.college-wallon-ivry.fr\/index.php\/wp-json\/wp\/v2\/tags?post=13784"}],"curies":[{"name":"wp","href":"https:\/\/api.w.org\/{rel}","templated":true}]}}