{"id":14761,"date":"2024-07-03T20:39:07","date_gmt":"2024-07-03T18:39:07","guid":{"rendered":"https:\/\/www.college-wallon-ivry.fr\/?p=14761"},"modified":"2024-07-05T15:55:28","modified_gmt":"2024-07-05T13:55:28","slug":"quelle-justice-la-piece-de-theatre-des-3eme3-et-des-upe2a","status":"publish","type":"post","link":"http:\/\/www.college-wallon-ivry.fr\/index.php\/2024\/07\/03\/quelle-justice-la-piece-de-theatre-des-3eme3-et-des-upe2a\/","title":{"rendered":"\u00ab\u00a0Quelle justice!\u00a0\u00bb, la pi\u00e8ce de th\u00e9\u00e2tre des 3\u00e8me3 et des UPE2A"},"content":{"rendered":"<div id=\"pl-14761\"  class=\"panel-layout\" ><div id=\"pg-14761-0\"  class=\"panel-grid panel-no-style\" ><div id=\"pgc-14761-0-0\"  class=\"panel-grid-cell\" ><div id=\"panel-14761-0-0-0\" class=\"so-panel widget widget_sow-editor panel-first-child panel-last-child\" data-index=\"0\" ><div\n\t\t\t\n\t\t\tclass=\"so-widget-sow-editor so-widget-sow-editor-base\"\n\t\t\t\n\t\t>\n<div class=\"siteorigin-widget-tinymce textwidget\">\n\t<div id=\"m_-5179442495214884354geom_inter_1718231572828_22_10\">Vendredi 5 avril, les \u00e9l\u00e8ves de la classe de 3\u00e8me3, accompagn\u00e9e par les \u00e9l\u00e8ves du dispositif Upe2a,&nbsp; ont pu pr\u00e9senter \u00e0 leurs familles, une pi\u00e8ce de&nbsp; th\u00e9\u00e2tre tr\u00e8s \u00e9mouvante \"Quelle justice!\". Voir le teaser ci-dessous<\/div>\n<div>&nbsp;<\/div>\n<div>&nbsp;<\/div>\n<div>Cette ann\u00e9e la classe de 3\u00e8me3 a pu b\u00e9n\u00e9ficier d'ateliers th\u00e9\u00e2tre avec l'intervenante, com\u00e9dienne et metteuse en sc\u00e8ne : Isabelle Quirin. Les \u00e9l\u00e8ves se sont interrog\u00e9s sur le th\u00e8me de la justice. En classe de Fran\u00e7ais, les \u00e9l\u00e8ves ont d'abord \u00e9tudi\u00e9 la pi\u00e8ce <i>Douze Hommes en col\u00e8re<\/i>&nbsp;de Reginald Rose, puis le roman <i>1984<\/i>&nbsp;de George Orwell. En classe d'Histoire-EMC, la classe s'est interrog\u00e9e sur la justice en France et sur la justice dans un \u00e9tat totalitaire.<\/div>\n<div>&nbsp;<\/div>\n<div>Les \u00e9l\u00e8ves de l'UPE2A, composaient le ch\u0153ur de la pi\u00e8ce, et leurs chants, sous la direction de M. David, professeur de musique, nous ont beaucoup touch\u00e9. \"<div style=\"width: 960px;\" class=\"wp-video\"><!--[if lt IE 9]><script>document.createElement('video');<\/script><![endif]-->\n<video class=\"wp-video-shortcode\" id=\"video-14761-1\" width=\"960\" height=\"540\" preload=\"metadata\" controls=\"controls\"><source type=\"video\/mp4\" src=\"http:\/\/www.college-wallon-ivry.fr\/wp-content\/uploads\/2024\/07\/QUELLE-JUSTICE.mp4?_=1\" \/><a href=\"http:\/\/www.college-wallon-ivry.fr\/wp-content\/uploads\/2024\/07\/QUELLE-JUSTICE.mp4\">http:\/\/www.college-wallon-ivry.fr\/wp-content\/uploads\/2024\/07\/QUELLE-JUSTICE.mp4<\/a><\/video><\/div>\n<\/div>\n<\/div>\n<\/div><\/div><\/div><\/div><\/div><h3>Images li\u00e9es:<\/h3>","protected":false},"excerpt":{"rendered":"<p>Vendredi 5 avril, les \u00e9l\u00e8ves de la classe de 3\u00e8me3, accompagn\u00e9e par les \u00e9l\u00e8ves du dispositif Upe2a,&nbsp; ont pu pr\u00e9senter \u00e0 leurs familles, une pi\u00e8ce de&nbsp; th\u00e9\u00e2tre tr\u00e8s \u00e9mouvante \u00ab\u00a0Quelle justice!\u00a0\u00bb. Voir le teaser ci-dessous &nbsp; &nbsp; Cette ann\u00e9e la classe de 3\u00e8me3 a pu b\u00e9n\u00e9ficier d&rsquo;ateliers th\u00e9\u00e2tre avec l&rsquo;intervenante, com\u00e9dienne et metteuse en sc\u00e8ne [&hellip;]<\/p>\n","protected":false},"author":1,"featured_media":14763,"comment_status":"closed","ping_status":"closed","sticky":true,"template":"","format":"standard","meta":{"ngg_post_thumbnail":0,"footnotes":""},"categories":[49],"tags":[],"class_list":{"0":"post-14761","1":"post","2":"type-post","3":"status-publish","4":"format-standard","5":"has-post-thumbnail","7":"category-action","8":"czr-hentry"},"_links":{"self":[{"href":"http:\/\/www.college-wallon-ivry.fr\/index.php\/wp-json\/wp\/v2\/posts\/14761","targetHints":{"allow":["GET"]}}],"collection":[{"href":"http:\/\/www.college-wallon-ivry.fr\/index.php\/wp-json\/wp\/v2\/posts"}],"about":[{"href":"http:\/\/www.college-wallon-ivry.fr\/index.php\/wp-json\/wp\/v2\/types\/post"}],"author":[{"embeddable":true,"href":"http:\/\/www.college-wallon-ivry.fr\/index.php\/wp-json\/wp\/v2\/users\/1"}],"replies":[{"embeddable":true,"href":"http:\/\/www.college-wallon-ivry.fr\/index.php\/wp-json\/wp\/v2\/comments?post=14761"}],"version-history":[{"count":6,"href":"http:\/\/www.college-wallon-ivry.fr\/index.php\/wp-json\/wp\/v2\/posts\/14761\/revisions"}],"predecessor-version":[{"id":14788,"href":"http:\/\/www.college-wallon-ivry.fr\/index.php\/wp-json\/wp\/v2\/posts\/14761\/revisions\/14788"}],"wp:featuredmedia":[{"embeddable":true,"href":"http:\/\/www.college-wallon-ivry.fr\/index.php\/wp-json\/wp\/v2\/media\/14763"}],"wp:attachment":[{"href":"http:\/\/www.college-wallon-ivry.fr\/index.php\/wp-json\/wp\/v2\/media?parent=14761"}],"wp:term":[{"taxonomy":"category","embeddable":true,"href":"http:\/\/www.college-wallon-ivry.fr\/index.php\/wp-json\/wp\/v2\/categories?post=14761"},{"taxonomy":"post_tag","embeddable":true,"href":"http:\/\/www.college-wallon-ivry.fr\/index.php\/wp-json\/wp\/v2\/tags?post=14761"}],"curies":[{"name":"wp","href":"https:\/\/api.w.org\/{rel}","templated":true}]}}