{"id":15318,"date":"2025-03-21T16:13:02","date_gmt":"2025-03-21T15:13:02","guid":{"rendered":"https:\/\/www.college-wallon-ivry.fr\/?p=15318"},"modified":"2025-06-21T19:03:55","modified_gmt":"2025-06-21T17:03:55","slug":"ca-va-krumper","status":"publish","type":"post","link":"http:\/\/www.college-wallon-ivry.fr\/index.php\/2025\/03\/21\/ca-va-krumper\/","title":{"rendered":"\u00c7a va Krumper!"},"content":{"rendered":"<div id=\"pl-15318\"  class=\"panel-layout\" ><div id=\"pg-15318-0\"  class=\"panel-grid panel-no-style\" ><div id=\"pgc-15318-0-0\"  class=\"panel-grid-cell\" ><div id=\"panel-15318-0-0-0\" class=\"so-panel widget widget_sow-editor panel-first-child panel-last-child\" data-index=\"0\" ><div\n\t\t\t\n\t\t\tclass=\"so-widget-sow-editor so-widget-sow-editor-base\"\n\t\t\t\n\t\t>\n<div class=\"siteorigin-widget-tinymce textwidget\">\n\t<div id=\":21e\" class=\"a3s aiL \">\n<div dir=\"auto\">\n<div dir=\"auto\">Les 30 ambassadeurs olympiques ont eu l'opportunit\u00e9 de suivre 6h de formation au Krump, une danse urbaine revendicatrice originaire des Etats Unis.<\/div>\n<div dir=\"auto\">Apr\u00e8s avoir assist\u00e9 \u00e0 une conf\u00e9rence dans\u00e9e au th\u00e9\u00e2tre Antoine Vitez, puis apr\u00e8s le visionnage du film RISE au Luxy, les \u00e9l\u00e8ves de 3e ont accueilli Wilfried Bl\u00e9 mieux connu sous le pseudo WOLF pour 3 cours de Krump.<\/div>\n<\/div>\n<\/div>\n<\/div>\n<\/div><\/div><\/div><\/div><div id=\"pg-15318-1\"  class=\"panel-grid panel-no-style\" ><div id=\"pgc-15318-1-0\"  class=\"panel-grid-cell\" ><div id=\"panel-15318-1-0-0\" class=\"so-panel widget widget_sow-image panel-first-child panel-last-child\" data-index=\"1\" ><div\n\t\t\t\n\t\t\tclass=\"so-widget-sow-image so-widget-sow-image-default-8b5b6f678277-15318\"\n\t\t\t\n\t\t>\n<div class=\"sow-image-container\">\n\t\t\t<a href=\"https:\/\/www.college-wallon-ivry.fr\/wp-content\/uploads\/2025\/03\/IMG-20250321-WA0004.jpg\"\n\t\t\t\t\t>\n\t\t\t<img \n\tsrc=\"http:\/\/www.college-wallon-ivry.fr\/wp-content\/uploads\/2025\/03\/IMG-20250321-WA0004-150x150.jpg\" width=\"150\" height=\"150\" srcset=\"http:\/\/www.college-wallon-ivry.fr\/wp-content\/uploads\/2025\/03\/IMG-20250321-WA0004-150x150.jpg 150w, http:\/\/www.college-wallon-ivry.fr\/wp-content\/uploads\/2025\/03\/IMG-20250321-WA0004-144x144.jpg 144w, http:\/\/www.college-wallon-ivry.fr\/wp-content\/uploads\/2025\/03\/IMG-20250321-WA0004-200x200.jpg 200w\" sizes=\"(max-width: 150px) 100vw, 150px\" alt=\"\" \t\tclass=\"so-widget-image\"\/>\n\t\t\t<\/a><\/div>\n\n<\/div><\/div><\/div><div id=\"pgc-15318-1-1\"  class=\"panel-grid-cell\" ><div id=\"panel-15318-1-1-0\" class=\"so-panel widget widget_sow-image panel-first-child panel-last-child\" data-index=\"2\" ><div\n\t\t\t\n\t\t\tclass=\"so-widget-sow-image so-widget-sow-image-default-8b5b6f678277-15318\"\n\t\t\t\n\t\t>\n<div class=\"sow-image-container\">\n\t\t\t<a href=\"https:\/\/www.college-wallon-ivry.fr\/wp-content\/uploads\/2025\/03\/IMG-20250321-WA0002.jpg\"\n\t\t\t\t\t>\n\t\t\t<img \n\tsrc=\"http:\/\/www.college-wallon-ivry.fr\/wp-content\/uploads\/2025\/03\/IMG-20250321-WA0002-150x150.jpg\" width=\"150\" height=\"150\" srcset=\"http:\/\/www.college-wallon-ivry.fr\/wp-content\/uploads\/2025\/03\/IMG-20250321-WA0002-150x150.jpg 150w, http:\/\/www.college-wallon-ivry.fr\/wp-content\/uploads\/2025\/03\/IMG-20250321-WA0002-144x144.jpg 144w, http:\/\/www.college-wallon-ivry.fr\/wp-content\/uploads\/2025\/03\/IMG-20250321-WA0002-200x200.jpg 200w\" sizes=\"(max-width: 150px) 100vw, 150px\" alt=\"\" \t\tclass=\"so-widget-image\"\/>\n\t\t\t<\/a><\/div>\n\n<\/div><\/div><\/div><div id=\"pgc-15318-1-2\"  class=\"panel-grid-cell\" ><div id=\"panel-15318-1-2-0\" class=\"so-panel widget widget_sow-image panel-first-child panel-last-child\" data-index=\"3\" ><div\n\t\t\t\n\t\t\tclass=\"so-widget-sow-image so-widget-sow-image-default-8b5b6f678277-15318\"\n\t\t\t\n\t\t>\n<div class=\"sow-image-container\">\n\t\t\t<a href=\"https:\/\/www.college-wallon-ivry.fr\/wp-content\/uploads\/2025\/03\/IMG-20250321-WA0003.jpg\"\n\t\t\t\t\t>\n\t\t\t<img \n\tsrc=\"http:\/\/www.college-wallon-ivry.fr\/wp-content\/uploads\/2025\/03\/IMG-20250321-WA0003-150x150.jpg\" width=\"150\" height=\"150\" srcset=\"http:\/\/www.college-wallon-ivry.fr\/wp-content\/uploads\/2025\/03\/IMG-20250321-WA0003-150x150.jpg 150w, http:\/\/www.college-wallon-ivry.fr\/wp-content\/uploads\/2025\/03\/IMG-20250321-WA0003-144x144.jpg 144w, http:\/\/www.college-wallon-ivry.fr\/wp-content\/uploads\/2025\/03\/IMG-20250321-WA0003-200x200.jpg 200w\" sizes=\"(max-width: 150px) 100vw, 150px\" alt=\"\" \t\tclass=\"so-widget-image\"\/>\n\t\t\t<\/a><\/div>\n\n<\/div><\/div><\/div><\/div><div id=\"pg-15318-2\"  class=\"panel-grid panel-no-style\" ><div id=\"pgc-15318-2-0\"  class=\"panel-grid-cell\" ><div id=\"panel-15318-2-0-0\" class=\"so-panel widget widget_sow-editor panel-first-child panel-last-child\" data-index=\"4\" ><div\n\t\t\t\n\t\t\tclass=\"so-widget-sow-editor so-widget-sow-editor-base\"\n\t\t\t\n\t\t>\n<div class=\"siteorigin-widget-tinymce textwidget\">\n\t<div dir=\"auto\">Les \u00e9l\u00e8ves ont pu s'initier aux mouvements de base, puis ils ont cr\u00e9e leur propre chor\u00e9graphie. Wilfried sera sur la sc\u00e8ne du th\u00e9\u00e2tre El Duende le 9 mai pour un spectacle de Krump auquel le grand public peut assister.&nbsp;<\/div>\n<div dir=\"auto\">&nbsp;<\/div>\n<\/div>\n<\/div><\/div><\/div><\/div><div id=\"pg-15318-3\"  class=\"panel-grid panel-no-style\" ><div id=\"pgc-15318-3-0\"  class=\"panel-grid-cell\" ><div id=\"panel-15318-3-0-0\" class=\"so-panel widget widget_sow-image panel-first-child panel-last-child\" data-index=\"5\" ><div\n\t\t\t\n\t\t\tclass=\"so-widget-sow-image so-widget-sow-image-default-8b5b6f678277-15318\"\n\t\t\t\n\t\t>\n<div class=\"sow-image-container\">\n\t\t\t<a href=\"https:\/\/www.college-wallon-ivry.fr\/wp-content\/uploads\/2025\/03\/IMG-20250321-WA0006.jpg\"\n\t\t\t\t\t>\n\t\t\t<img \n\tsrc=\"http:\/\/www.college-wallon-ivry.fr\/wp-content\/uploads\/2025\/03\/IMG-20250321-WA0006-150x150.jpg\" width=\"150\" height=\"150\" srcset=\"http:\/\/www.college-wallon-ivry.fr\/wp-content\/uploads\/2025\/03\/IMG-20250321-WA0006-150x150.jpg 150w, http:\/\/www.college-wallon-ivry.fr\/wp-content\/uploads\/2025\/03\/IMG-20250321-WA0006-144x144.jpg 144w, http:\/\/www.college-wallon-ivry.fr\/wp-content\/uploads\/2025\/03\/IMG-20250321-WA0006-200x200.jpg 200w\" sizes=\"(max-width: 150px) 100vw, 150px\" alt=\"\" \t\tclass=\"so-widget-image\"\/>\n\t\t\t<\/a><\/div>\n\n<\/div><\/div><\/div><div id=\"pgc-15318-3-1\"  class=\"panel-grid-cell\" ><div id=\"panel-15318-3-1-0\" class=\"so-panel widget widget_sow-image panel-first-child panel-last-child\" data-index=\"6\" ><div\n\t\t\t\n\t\t\tclass=\"so-widget-sow-image so-widget-sow-image-default-8b5b6f678277-15318\"\n\t\t\t\n\t\t>\n<div class=\"sow-image-container\">\n\t\t\t<a href=\"https:\/\/www.college-wallon-ivry.fr\/wp-content\/uploads\/2025\/03\/IMG-20250321-WA0007.jpg\"\n\t\t\t\t\t>\n\t\t\t<img \n\tsrc=\"http:\/\/www.college-wallon-ivry.fr\/wp-content\/uploads\/2025\/03\/IMG-20250321-WA0007-150x150.jpg\" width=\"150\" height=\"150\" srcset=\"http:\/\/www.college-wallon-ivry.fr\/wp-content\/uploads\/2025\/03\/IMG-20250321-WA0007-150x150.jpg 150w, http:\/\/www.college-wallon-ivry.fr\/wp-content\/uploads\/2025\/03\/IMG-20250321-WA0007-144x144.jpg 144w, http:\/\/www.college-wallon-ivry.fr\/wp-content\/uploads\/2025\/03\/IMG-20250321-WA0007-200x200.jpg 200w\" sizes=\"(max-width: 150px) 100vw, 150px\" alt=\"\" \t\tclass=\"so-widget-image\"\/>\n\t\t\t<\/a><\/div>\n\n<\/div><\/div><\/div><div id=\"pgc-15318-3-2\"  class=\"panel-grid-cell\" ><div id=\"panel-15318-3-2-0\" class=\"so-panel widget widget_sow-image panel-first-child panel-last-child\" data-index=\"7\" ><div\n\t\t\t\n\t\t\tclass=\"so-widget-sow-image so-widget-sow-image-default-8b5b6f678277-15318\"\n\t\t\t\n\t\t>\n<div class=\"sow-image-container\">\n\t\t\t<a href=\"https:\/\/www.college-wallon-ivry.fr\/wp-content\/uploads\/2025\/03\/IMG-20250321-WA0005.jpg\"\n\t\t\t\t\t>\n\t\t\t<img \n\tsrc=\"http:\/\/www.college-wallon-ivry.fr\/wp-content\/uploads\/2025\/03\/IMG-20250321-WA0005-150x150.jpg\" width=\"150\" height=\"150\" srcset=\"http:\/\/www.college-wallon-ivry.fr\/wp-content\/uploads\/2025\/03\/IMG-20250321-WA0005-150x150.jpg 150w, http:\/\/www.college-wallon-ivry.fr\/wp-content\/uploads\/2025\/03\/IMG-20250321-WA0005-144x144.jpg 144w, http:\/\/www.college-wallon-ivry.fr\/wp-content\/uploads\/2025\/03\/IMG-20250321-WA0005-200x200.jpg 200w\" sizes=\"(max-width: 150px) 100vw, 150px\" alt=\"\" \t\tclass=\"so-widget-image\"\/>\n\t\t\t<\/a><\/div>\n\n<\/div><\/div><\/div><\/div><div id=\"pg-15318-4\"  class=\"panel-grid panel-no-style\" ><div id=\"pgc-15318-4-0\"  class=\"panel-grid-cell\" ><div id=\"panel-15318-4-0-0\" class=\"so-panel widget widget_sow-editor panel-first-child panel-last-child\" data-index=\"8\" ><div\n\t\t\t\n\t\t\tclass=\"so-widget-sow-editor so-widget-sow-editor-base\"\n\t\t\t\n\t\t>\n<div class=\"siteorigin-widget-tinymce textwidget\">\n\t<div dir=\"auto\">Quant aux ambassadeurs olympiques, ils perfectionnent encore leurs mouvements pour pr\u00e9senter un show \u00e0 leur correspondants grecques qu'ils rencontreront au mois de mai prochain dans la ville de Larissa en Gr\u00e8ce.<\/div>\n<div dir=\"auto\">&nbsp;<\/div>\n<\/div>\n<\/div><\/div><\/div><\/div><\/div><h3>Images li\u00e9es:<\/h3>","protected":false},"excerpt":{"rendered":"<p>Les 30 ambassadeurs olympiques ont eu l&rsquo;opportunit\u00e9 de suivre 6h de formation au Krump, une danse urbaine revendicatrice originaire des Etats Unis. Apr\u00e8s avoir assist\u00e9 \u00e0 une conf\u00e9rence dans\u00e9e au th\u00e9\u00e2tre Antoine Vitez, puis apr\u00e8s le visionnage du film RISE au Luxy, les \u00e9l\u00e8ves de 3e ont accueilli Wilfried Bl\u00e9 mieux connu sous le pseudo [&hellip;]<\/p>\n","protected":false},"author":1,"featured_media":15279,"comment_status":"closed","ping_status":"closed","sticky":true,"template":"","format":"standard","meta":{"ngg_post_thumbnail":0,"footnotes":""},"categories":[49,28,15],"tags":[],"class_list":{"0":"post-15318","1":"post","2":"type-post","3":"status-publish","4":"format-standard","5":"has-post-thumbnail","7":"category-action","8":"category-photos","9":"category-projet","10":"czr-hentry"},"_links":{"self":[{"href":"http:\/\/www.college-wallon-ivry.fr\/index.php\/wp-json\/wp\/v2\/posts\/15318","targetHints":{"allow":["GET"]}}],"collection":[{"href":"http:\/\/www.college-wallon-ivry.fr\/index.php\/wp-json\/wp\/v2\/posts"}],"about":[{"href":"http:\/\/www.college-wallon-ivry.fr\/index.php\/wp-json\/wp\/v2\/types\/post"}],"author":[{"embeddable":true,"href":"http:\/\/www.college-wallon-ivry.fr\/index.php\/wp-json\/wp\/v2\/users\/1"}],"replies":[{"embeddable":true,"href":"http:\/\/www.college-wallon-ivry.fr\/index.php\/wp-json\/wp\/v2\/comments?post=15318"}],"version-history":[{"count":3,"href":"http:\/\/www.college-wallon-ivry.fr\/index.php\/wp-json\/wp\/v2\/posts\/15318\/revisions"}],"predecessor-version":[{"id":15320,"href":"http:\/\/www.college-wallon-ivry.fr\/index.php\/wp-json\/wp\/v2\/posts\/15318\/revisions\/15320"}],"wp:featuredmedia":[{"embeddable":true,"href":"http:\/\/www.college-wallon-ivry.fr\/index.php\/wp-json\/wp\/v2\/media\/15279"}],"wp:attachment":[{"href":"http:\/\/www.college-wallon-ivry.fr\/index.php\/wp-json\/wp\/v2\/media?parent=15318"}],"wp:term":[{"taxonomy":"category","embeddable":true,"href":"http:\/\/www.college-wallon-ivry.fr\/index.php\/wp-json\/wp\/v2\/categories?post=15318"},{"taxonomy":"post_tag","embeddable":true,"href":"http:\/\/www.college-wallon-ivry.fr\/index.php\/wp-json\/wp\/v2\/tags?post=15318"}],"curies":[{"name":"wp","href":"https:\/\/api.w.org\/{rel}","templated":true}]}}