{"id":1984,"date":"2018-01-24T18:42:37","date_gmt":"2018-01-24T17:42:37","guid":{"rendered":"http:\/\/www.college-wallon-ivry.fr\/?p=1984"},"modified":"2018-10-04T17:03:43","modified_gmt":"2018-10-04T15:03:43","slug":"exposition-objets-de-resistance-1940-1945","status":"publish","type":"post","link":"http:\/\/www.college-wallon-ivry.fr\/index.php\/2018\/01\/24\/exposition-objets-de-resistance-1940-1945\/","title":{"rendered":"Exposition objets de r\u00e9sistance 1940-1945"},"content":{"rendered":"<div id=\"pl-1984\"  class=\"panel-layout\" ><div id=\"pg-1984-0\"  class=\"panel-grid panel-no-style\" ><div id=\"pgc-1984-0-0\"  class=\"panel-grid-cell\" ><div id=\"panel-1984-0-0-0\" class=\"so-panel widget widget_sow-editor panel-first-child\" data-index=\"0\" ><div\n\t\t\t\n\t\t\tclass=\"so-widget-sow-editor so-widget-sow-editor-base\"\n\t\t\t\n\t\t>\n<div class=\"siteorigin-widget-tinymce textwidget\">\n\t<h1 style=\"text-align: center;\"><strong><span style=\"color: #0088cc;\">Objets de r\u00e9sistance, 1940-1945<\/span><\/strong><\/h1>\n<\/div>\n<\/div><\/div><div id=\"panel-1984-0-0-1\" class=\"so-panel widget widget_sow-editor panel-last-child\" data-index=\"1\" ><div\n\t\t\t\n\t\t\tclass=\"so-widget-sow-editor so-widget-sow-editor-base\"\n\t\t\t\n\t\t>\n<div class=\"siteorigin-widget-tinymce textwidget\">\n\t<p>Pour la quinzi\u00e8me \u00e9dition de la Semaine de la m\u00e9moire, du 22 au 28 janvier 2018, les Archives municipales pr\u00e9sentent une exposition \u00e9tonnante sur les objets fabriqu\u00e9s par des r\u00e9sistants lors de leur d\u00e9tention.<\/p>\n<\/div>\n<\/div><\/div><\/div><div id=\"pgc-1984-0-1\"  class=\"panel-grid-cell\" ><div id=\"panel-1984-0-1-0\" class=\"so-panel widget widget_sow-image panel-first-child panel-last-child\" data-index=\"2\" ><div\n\t\t\t\n\t\t\tclass=\"so-widget-sow-image so-widget-sow-image-default-8b5b6f678277-1984\"\n\t\t\t\n\t\t>\n<div class=\"sow-image-container\">\n\t\t\t<a href=\"http:\/\/www.college-wallon-ivry.fr\/wp-content\/uploads\/2018\/01\/Semaine-de_la_memoire-2018-250.jpg\"\n\t\t\t\t\t>\n\t\t\t<img \n\tsrc=\"http:\/\/www.college-wallon-ivry.fr\/wp-content\/uploads\/2018\/01\/Semaine-de_la_memoire-2018-250.jpg\" width=\"520\" height=\"250\" srcset=\"http:\/\/www.college-wallon-ivry.fr\/wp-content\/uploads\/2018\/01\/Semaine-de_la_memoire-2018-250.jpg 520w, http:\/\/www.college-wallon-ivry.fr\/wp-content\/uploads\/2018\/01\/Semaine-de_la_memoire-2018-250-300x144.jpg 300w, http:\/\/www.college-wallon-ivry.fr\/wp-content\/uploads\/2018\/01\/Semaine-de_la_memoire-2018-250-400x192.jpg 400w\" sizes=\"(max-width: 520px) 100vw, 520px\" alt=\"\" \t\tclass=\"so-widget-image\"\/>\n\t\t\t<\/a><\/div>\n\n<\/div><\/div><\/div><\/div><div id=\"pg-1984-1\"  class=\"panel-grid panel-no-style\" ><div id=\"pgc-1984-1-0\"  class=\"panel-grid-cell\" ><div id=\"panel-1984-1-0-0\" class=\"so-panel widget widget_sow-image panel-first-child panel-last-child\" data-index=\"3\" ><div\n\t\t\t\n\t\t\tclass=\"so-widget-sow-image so-widget-sow-image-default-c67d20f9f743-1984\"\n\t\t\t\n\t\t>\n<div class=\"sow-image-container\">\n\t\t\t<a href=\"http:\/\/www.college-wallon-ivry.fr\/wp-content\/uploads\/2018\/01\/csm_407-actu-2-1400-expo-cabinet-curiosites-credit-frederic-iriarte_b90173f2d9.jpg\"\n\t\t\t\t\t>\n\t\t\t<img \n\tsrc=\"http:\/\/www.college-wallon-ivry.fr\/wp-content\/uploads\/2018\/01\/csm_407-actu-2-1400-expo-cabinet-curiosites-credit-frederic-iriarte_b90173f2d9-150x150.jpg\" width=\"150\" height=\"150\" srcset=\"http:\/\/www.college-wallon-ivry.fr\/wp-content\/uploads\/2018\/01\/csm_407-actu-2-1400-expo-cabinet-curiosites-credit-frederic-iriarte_b90173f2d9-150x150.jpg 150w, http:\/\/www.college-wallon-ivry.fr\/wp-content\/uploads\/2018\/01\/csm_407-actu-2-1400-expo-cabinet-curiosites-credit-frederic-iriarte_b90173f2d9-200x200.jpg 200w\" sizes=\"(max-width: 150px) 100vw, 150px\" alt=\"\" \t\tclass=\"so-widget-image\"\/>\n\t\t\t<\/a><\/div>\n\n<\/div><\/div><\/div><div id=\"pgc-1984-1-1\"  class=\"panel-grid-cell\" ><div id=\"panel-1984-1-1-0\" class=\"so-panel widget widget_sow-editor panel-first-child panel-last-child\" data-index=\"4\" ><div\n\t\t\t\n\t\t\tclass=\"so-widget-sow-editor so-widget-sow-editor-base\"\n\t\t\t\n\t\t>\n<div class=\"siteorigin-widget-tinymce textwidget\">\n\t<p>Les \u00e9l\u00e8ves de la classe de 3e3 ont particip\u00e9 \u00e0 la construction de cette nouvelle exposition, pr\u00e9sent\u00e9e au Cabinet de curiosit\u00e9s \u00e0 la mairie d'Ivry, du 27 janvier au 7 septembre 2018.<\/p>\n<\/div>\n<\/div><\/div><\/div><\/div><div id=\"pg-1984-2\"  class=\"panel-grid panel-no-style\" ><div id=\"pgc-1984-2-0\"  class=\"panel-grid-cell\" ><div id=\"panel-1984-2-0-0\" class=\"so-panel widget widget_sow-editor panel-first-child panel-last-child\" data-index=\"5\" ><div\n\t\t\t\n\t\t\tclass=\"so-widget-sow-editor so-widget-sow-editor-base\"\n\t\t\t\n\t\t>\n<div class=\"siteorigin-widget-tinymce textwidget\">\n\t<p>Le vernissage aura lieu <em><span style=\"color: #000000;\"><strong>Vendredi 26 Janvier \u00e0 18h au Cabinet de curiosit\u00e9s.<\/strong><\/span><\/em> Les \u00e9l\u00e8ves guideront les premiers visiteurs pour commenter cette exposition.<\/p>\n<h3><span style=\"color: #0088cc;\"><strong>Pour en savoir plus:<\/strong><\/span><\/h3>\n<p>- liens vers un article du site internet d'Ivry: \u00a0<a href=\"http:\/\/www.ivry94.fr\/9153-9989\/fiche\/exposition-objets-de-resistance-1940-1945.htm\">lien1 <\/a>\u00a0 <a href=\"http:\/\/www.ivry94.fr\/9153-9989\/fiche\/exposition-objets-de-resistance-1940-1945.htm\">\u00a0lien2<\/a><\/p>\n<p>- lien vers le site du Cabinet de curiosit\u00e9s: <a href=\"http:\/\/cabinetdecuriosites.ivry94.fr\/\">Ici<\/a><\/p>\n<\/div>\n<\/div><\/div><\/div><div id=\"pgc-1984-2-1\"  class=\"panel-grid-cell\" ><div id=\"panel-1984-2-1-0\" class=\"so-panel widget widget_sow-image panel-first-child panel-last-child\" data-index=\"6\" ><div\n\t\t\t\n\t\t\tclass=\"so-widget-sow-image so-widget-sow-image-default-c67d20f9f743-1984\"\n\t\t\t\n\t\t>\n<div class=\"sow-image-container\">\n\t\t\t<a href=\"http:\/\/www.college-wallon-ivry.fr\/wp-content\/uploads\/2018\/01\/cropcarre_affiche-expoobjets-a3-hd-copie-2.jpg_img.jpg\"\n\t\t\t\t\t>\n\t\t\t<img \n\tsrc=\"http:\/\/www.college-wallon-ivry.fr\/wp-content\/uploads\/2018\/01\/cropcarre_affiche-expoobjets-a3-hd-copie-2.jpg_img-150x150.jpg\" width=\"150\" height=\"150\" srcset=\"http:\/\/www.college-wallon-ivry.fr\/wp-content\/uploads\/2018\/01\/cropcarre_affiche-expoobjets-a3-hd-copie-2.jpg_img-150x150.jpg 150w, http:\/\/www.college-wallon-ivry.fr\/wp-content\/uploads\/2018\/01\/cropcarre_affiche-expoobjets-a3-hd-copie-2.jpg_img-300x300.jpg 300w, http:\/\/www.college-wallon-ivry.fr\/wp-content\/uploads\/2018\/01\/cropcarre_affiche-expoobjets-a3-hd-copie-2.jpg_img-200x200.jpg 200w, http:\/\/www.college-wallon-ivry.fr\/wp-content\/uploads\/2018\/01\/cropcarre_affiche-expoobjets-a3-hd-copie-2.jpg_img.jpg 360w\" sizes=\"(max-width: 150px) 100vw, 150px\" alt=\"\" \t\tclass=\"so-widget-image\"\/>\n\t\t\t<\/a><\/div>\n\n<\/div><\/div><\/div><\/div><div id=\"pg-1984-3\"  class=\"panel-grid panel-no-style\" ><div id=\"pgc-1984-3-0\"  class=\"panel-grid-cell panel-grid-cell-empty\" ><\/div><\/div><div id=\"pg-1984-4\"  class=\"panel-grid panel-no-style\" ><div id=\"pgc-1984-4-0\"  class=\"panel-grid-cell panel-grid-cell-empty\" ><\/div><\/div><\/div><h3>Images li\u00e9es:<\/h3>","protected":false},"excerpt":{"rendered":"<p>Objets de r\u00e9sistance, 1940-1945 Pour la quinzi\u00e8me \u00e9dition de la Semaine de la m\u00e9moire, du 22 au 28 janvier 2018, les Archives municipales pr\u00e9sentent une exposition \u00e9tonnante sur les objets fabriqu\u00e9s par des r\u00e9sistants lors de leur d\u00e9tention. Les \u00e9l\u00e8ves de la classe de 3e3 ont particip\u00e9 \u00e0 la construction de cette nouvelle exposition, pr\u00e9sent\u00e9e [&hellip;]<\/p>\n","protected":false},"author":1,"featured_media":1994,"comment_status":"open","ping_status":"open","sticky":false,"template":"","format":"standard","meta":{"ngg_post_thumbnail":0,"footnotes":""},"categories":[49,22,14,28,15,16],"tags":[],"class_list":{"0":"post-1984","1":"post","2":"type-post","3":"status-publish","4":"format-standard","5":"has-post-thumbnail","7":"category-action","8":"category-histoire","9":"category-pedagogie","10":"category-photos","11":"category-projet","12":"category-realisation","13":"czr-hentry"},"_links":{"self":[{"href":"http:\/\/www.college-wallon-ivry.fr\/index.php\/wp-json\/wp\/v2\/posts\/1984","targetHints":{"allow":["GET"]}}],"collection":[{"href":"http:\/\/www.college-wallon-ivry.fr\/index.php\/wp-json\/wp\/v2\/posts"}],"about":[{"href":"http:\/\/www.college-wallon-ivry.fr\/index.php\/wp-json\/wp\/v2\/types\/post"}],"author":[{"embeddable":true,"href":"http:\/\/www.college-wallon-ivry.fr\/index.php\/wp-json\/wp\/v2\/users\/1"}],"replies":[{"embeddable":true,"href":"http:\/\/www.college-wallon-ivry.fr\/index.php\/wp-json\/wp\/v2\/comments?post=1984"}],"version-history":[{"count":24,"href":"http:\/\/www.college-wallon-ivry.fr\/index.php\/wp-json\/wp\/v2\/posts\/1984\/revisions"}],"predecessor-version":[{"id":3371,"href":"http:\/\/www.college-wallon-ivry.fr\/index.php\/wp-json\/wp\/v2\/posts\/1984\/revisions\/3371"}],"wp:featuredmedia":[{"embeddable":true,"href":"http:\/\/www.college-wallon-ivry.fr\/index.php\/wp-json\/wp\/v2\/media\/1994"}],"wp:attachment":[{"href":"http:\/\/www.college-wallon-ivry.fr\/index.php\/wp-json\/wp\/v2\/media?parent=1984"}],"wp:term":[{"taxonomy":"category","embeddable":true,"href":"http:\/\/www.college-wallon-ivry.fr\/index.php\/wp-json\/wp\/v2\/categories?post=1984"},{"taxonomy":"post_tag","embeddable":true,"href":"http:\/\/www.college-wallon-ivry.fr\/index.php\/wp-json\/wp\/v2\/tags?post=1984"}],"curies":[{"name":"wp","href":"https:\/\/api.w.org\/{rel}","templated":true}]}}