{"id":2655,"date":"2018-06-25T14:03:37","date_gmt":"2018-06-25T12:03:37","guid":{"rendered":"http:\/\/www.college-wallon-ivry.fr\/?p=2655"},"modified":"2019-01-11T19:11:44","modified_gmt":"2019-01-11T18:11:44","slug":"notre-cite-imaginaire","status":"publish","type":"post","link":"http:\/\/www.college-wallon-ivry.fr\/index.php\/2018\/06\/25\/notre-cite-imaginaire\/","title":{"rendered":"Notre cit\u00e9 imaginaire &#8230;."},"content":{"rendered":"<p>&nbsp;<\/p>\n<p>\u00ab&nbsp;Cit\u00e9 multiface&nbsp;\u00bb, un projet de cycle 3 du REP Wallon \u00e0 Ivry-sur-Seine<\/p>\n<p>&nbsp;<\/p>\n<p>Ce projet transversal s\u2019inscrit dans une dynamique de territoire et a pour ambition de f\u00e9d\u00e9rer l\u2019\u00e9quipe \u00e9ducative, de cr\u00e9er du lien entre les \u00e9l\u00e8ves, d\u2019assurer une continuit\u00e9 p\u00e9dagogique au sein du cycle 3 et de permettre des moments d\u2019\u00e9change avec les familles.<\/p>\n<p>&nbsp;<\/p>\n<p>R\u00e9alisation collective men\u00e9e par les six classes de 6<sup>e<\/sup>&nbsp;du coll\u00e8ge Henri Wallon et deux classes de cours moyens de l\u2019\u00e9cole Maurice Thorez, cette cit\u00e9 imaginaire r\u00e9pond aux trois axes du parcours artistique et culturel : fr\u00e9quenter, pratiquer et s\u2019approprier, en proposant une immersion dans le travail de cr\u00e9ation en lien avec le \u00ab&nbsp;collectif 4 ailes&nbsp;\u00bb en r\u00e9sidence au th\u00e9\u00e2tre Antoine Vitez d\u2019Ivry-sur-Seine.<\/p>\n<p>&nbsp;<\/p>\n<p>Chaque classe de 6<sup>e<\/sup> a d\u00e9fini un quartier, \u00e0 partir d\u2019une r\u00e9flexion conduite en cours de fran\u00e7ais et de g\u00e9ographie. Les caract\u00e9ristiques de chaque quartier ont \u00e9t\u00e9 donn\u00e9es aux CM1 et CM2 afin qu\u2019ils r\u00e9alisent les mus\u00e9es et gares. En cours d\u2019arts plastiques, les b\u00e2timents et personnages ont \u00e9t\u00e9 r\u00e9alis\u00e9s d\u2019apr\u00e8s la technique du photocolage. Sons et lumi\u00e8res apportent \u00e0 cette cit\u00e9 sa vitalit\u00e9.<\/p>\n<p>&nbsp;<\/p>\n<p>La maquette a pris forme au CDI gr\u00e2ce au concours de No\u00e9mie Lazzarini, professeure documentaliste, qui a coordonn\u00e9 toutes les \u00e9tapes de ce riche projet.<\/p>\n<p>&nbsp;<\/p>\n<p>&nbsp;<\/p>\n<p>&nbsp;&nbsp;&nbsp;&nbsp;&nbsp;&nbsp;&nbsp;&nbsp;&nbsp;&nbsp;&nbsp;&nbsp;&nbsp;&nbsp;&nbsp;&nbsp;&nbsp;&nbsp;&nbsp;&nbsp;&nbsp;&nbsp;&nbsp;&nbsp;&nbsp;&nbsp;&nbsp;&nbsp;&nbsp;&nbsp;&nbsp;&nbsp;&nbsp;&nbsp;&nbsp;&nbsp;&nbsp;&nbsp;&nbsp;&nbsp;&nbsp;&nbsp;&nbsp;&nbsp;&nbsp;&nbsp;&nbsp;&nbsp;&nbsp;&nbsp;&nbsp;&nbsp;&nbsp;&nbsp;&nbsp;&nbsp;&nbsp;&nbsp;&nbsp;&nbsp;&nbsp;&nbsp;&nbsp;&nbsp;&nbsp;&nbsp;&nbsp;&nbsp;&nbsp;&nbsp; V\u00e9ronique HUMBERT<\/p>\n<p>&nbsp;&nbsp;&nbsp;&nbsp;&nbsp;&nbsp;&nbsp;&nbsp;&nbsp;&nbsp;&nbsp;&nbsp;&nbsp;&nbsp;&nbsp;&nbsp;&nbsp;&nbsp;&nbsp;&nbsp;&nbsp;&nbsp;&nbsp;&nbsp;&nbsp;&nbsp;&nbsp;&nbsp;&nbsp;&nbsp;&nbsp;&nbsp;&nbsp;&nbsp;&nbsp;&nbsp;&nbsp;&nbsp;&nbsp;&nbsp;&nbsp;&nbsp;&nbsp;&nbsp;&nbsp;&nbsp;&nbsp;&nbsp;&nbsp;&nbsp;&nbsp;&nbsp;&nbsp;&nbsp;&nbsp;&nbsp;&nbsp;&nbsp;&nbsp;&nbsp;&nbsp;&nbsp;&nbsp;&nbsp;&nbsp;&nbsp;&nbsp;&nbsp;&nbsp;&nbsp; Principale<\/p>\n<p>&nbsp;<\/p>\n<p><iframe loading=\"lazy\" src=\"https:\/\/www.youtube.com\/embed\/JDBmty0egFc\" allowfullscreen=\"allowfullscreen\" height=\"315\" frameborder=\"0\" width=\"560\"><\/iframe><\/p>\nngg_shortcode_0_placeholder\n<h3>Images li\u00e9es:<\/h3>","protected":false},"excerpt":{"rendered":"<p>&nbsp; \u00ab&nbsp;Cit\u00e9 multiface&nbsp;\u00bb, un projet de cycle 3 du REP Wallon \u00e0 Ivry-sur-Seine &nbsp; Ce projet transversal s\u2019inscrit dans une dynamique de territoire et a pour ambition de f\u00e9d\u00e9rer l\u2019\u00e9quipe \u00e9ducative, de cr\u00e9er du lien entre les \u00e9l\u00e8ves, d\u2019assurer une continuit\u00e9 p\u00e9dagogique au sein du cycle 3 et de permettre des moments d\u2019\u00e9change avec les [&hellip;]<\/p>\n","protected":false},"author":1,"featured_media":2826,"comment_status":"open","ping_status":"open","sticky":false,"template":"","format":"standard","meta":{"ngg_post_thumbnail":0,"footnotes":""},"categories":[49,26,15,16],"tags":[59],"class_list":{"0":"post-2655","1":"post","2":"type-post","3":"status-publish","4":"format-standard","5":"has-post-thumbnail","7":"category-action","8":"category-cdi","9":"category-projet","10":"category-realisation","11":"tag-sidebar","12":"czr-hentry"},"_links":{"self":[{"href":"http:\/\/www.college-wallon-ivry.fr\/index.php\/wp-json\/wp\/v2\/posts\/2655","targetHints":{"allow":["GET"]}}],"collection":[{"href":"http:\/\/www.college-wallon-ivry.fr\/index.php\/wp-json\/wp\/v2\/posts"}],"about":[{"href":"http:\/\/www.college-wallon-ivry.fr\/index.php\/wp-json\/wp\/v2\/types\/post"}],"author":[{"embeddable":true,"href":"http:\/\/www.college-wallon-ivry.fr\/index.php\/wp-json\/wp\/v2\/users\/1"}],"replies":[{"embeddable":true,"href":"http:\/\/www.college-wallon-ivry.fr\/index.php\/wp-json\/wp\/v2\/comments?post=2655"}],"version-history":[{"count":4,"href":"http:\/\/www.college-wallon-ivry.fr\/index.php\/wp-json\/wp\/v2\/posts\/2655\/revisions"}],"predecessor-version":[{"id":2975,"href":"http:\/\/www.college-wallon-ivry.fr\/index.php\/wp-json\/wp\/v2\/posts\/2655\/revisions\/2975"}],"wp:featuredmedia":[{"embeddable":true,"href":"http:\/\/www.college-wallon-ivry.fr\/index.php\/wp-json\/wp\/v2\/media\/2826"}],"wp:attachment":[{"href":"http:\/\/www.college-wallon-ivry.fr\/index.php\/wp-json\/wp\/v2\/media?parent=2655"}],"wp:term":[{"taxonomy":"category","embeddable":true,"href":"http:\/\/www.college-wallon-ivry.fr\/index.php\/wp-json\/wp\/v2\/categories?post=2655"},{"taxonomy":"post_tag","embeddable":true,"href":"http:\/\/www.college-wallon-ivry.fr\/index.php\/wp-json\/wp\/v2\/tags?post=2655"}],"curies":[{"name":"wp","href":"https:\/\/api.w.org\/{rel}","templated":true}]}}