{"id":5023,"date":"2018-11-03T19:38:12","date_gmt":"2018-11-03T18:38:12","guid":{"rendered":"http:\/\/www.college-wallon-ivry.fr\/?p=5023"},"modified":"2019-01-24T11:43:12","modified_gmt":"2019-01-24T10:43:12","slug":"mondial-de-la-moto","status":"publish","type":"post","link":"http:\/\/www.college-wallon-ivry.fr\/index.php\/2018\/11\/03\/mondial-de-la-moto\/","title":{"rendered":"Mondial de la moto"},"content":{"rendered":"<div id=\"pl-5023\"  class=\"panel-layout\" ><div id=\"pg-5023-0\"  class=\"panel-grid panel-no-style\" ><div id=\"pgc-5023-0-0\"  class=\"panel-grid-cell\" ><div id=\"panel-5023-0-0-0\" class=\"so-panel widget widget_sow-editor panel-first-child panel-last-child\" data-index=\"0\" ><div\n\t\t\t\n\t\t\tclass=\"so-widget-sow-editor so-widget-sow-editor-base\"\n\t\t\t\n\t\t>\n<div class=\"siteorigin-widget-tinymce textwidget\">\n\t<p>Lundi 8 octobre, une dizaine d'\u00e9l\u00e8ves du coll\u00e8ge ont visit\u00e9 le Mondial de la moto qui s'est d\u00e9roul\u00e9 du 4 octobre au 14 octobre, porte de Versailles. Ils ont \u00e9t\u00e9 guid\u00e9s par des pilotes de l'\u00e9quipe GMT94, une des meilleure \u00e9curie moto au monde... from Ivry sur seine!\u00a0<a href=\"http:\/\/www.gmt94.com\/\">GMT94<\/a><\/p>\n<p>Apr\u00e8s une initiation sur tapis roulant, les \u00e9l\u00e8ves se sont install\u00e9(e)s au guidon d'une moto pour r\u00e9aliser un petit parcours construit pour l'occasion.<\/p>\n<p>Voici les photos<\/p>\n<\/div>\n<\/div><\/div><\/div><\/div><div id=\"pg-5023-1\"  class=\"panel-grid panel-no-style\" ><div id=\"pgc-5023-1-0\"  class=\"panel-grid-cell\" ><div id=\"panel-5023-1-0-0\" class=\"so-panel widget widget_sow-editor panel-first-child panel-last-child\" data-index=\"1\" ><div\n\t\t\t\n\t\t\tclass=\"so-widget-sow-editor so-widget-sow-editor-base\"\n\t\t\t\n\t\t>\n<div class=\"siteorigin-widget-tinymce textwidget\">\n\tngg_shortcode_0_placeholder\n<\/div>\n<\/div><\/div><\/div><\/div><\/div><h3>Images li\u00e9es:<\/h3>","protected":false},"excerpt":{"rendered":"<p>Lundi 8 octobre, une dizaine d&rsquo;\u00e9l\u00e8ves du coll\u00e8ge ont visit\u00e9 le Mondial de la moto qui s&rsquo;est d\u00e9roul\u00e9 du 4 octobre au 14 octobre, porte de Versailles. Ils ont \u00e9t\u00e9 guid\u00e9s par des pilotes de l&rsquo;\u00e9quipe GMT94, une des meilleure \u00e9curie moto au monde&#8230; from Ivry sur seine!\u00a0GMT94 Apr\u00e8s une initiation sur tapis roulant, les [&hellip;]<\/p>\n","protected":false},"author":1,"featured_media":5128,"comment_status":"open","ping_status":"open","sticky":false,"template":"","format":"standard","meta":{"ngg_post_thumbnail":0,"footnotes":""},"categories":[49,54,28],"tags":[59],"class_list":{"0":"post-5023","1":"post","2":"type-post","3":"status-publish","4":"format-standard","5":"has-post-thumbnail","7":"category-action","8":"category-orientation","9":"category-photos","10":"tag-sidebar","11":"czr-hentry"},"_links":{"self":[{"href":"http:\/\/www.college-wallon-ivry.fr\/index.php\/wp-json\/wp\/v2\/posts\/5023","targetHints":{"allow":["GET"]}}],"collection":[{"href":"http:\/\/www.college-wallon-ivry.fr\/index.php\/wp-json\/wp\/v2\/posts"}],"about":[{"href":"http:\/\/www.college-wallon-ivry.fr\/index.php\/wp-json\/wp\/v2\/types\/post"}],"author":[{"embeddable":true,"href":"http:\/\/www.college-wallon-ivry.fr\/index.php\/wp-json\/wp\/v2\/users\/1"}],"replies":[{"embeddable":true,"href":"http:\/\/www.college-wallon-ivry.fr\/index.php\/wp-json\/wp\/v2\/comments?post=5023"}],"version-history":[{"count":5,"href":"http:\/\/www.college-wallon-ivry.fr\/index.php\/wp-json\/wp\/v2\/posts\/5023\/revisions"}],"predecessor-version":[{"id":5347,"href":"http:\/\/www.college-wallon-ivry.fr\/index.php\/wp-json\/wp\/v2\/posts\/5023\/revisions\/5347"}],"wp:featuredmedia":[{"embeddable":true,"href":"http:\/\/www.college-wallon-ivry.fr\/index.php\/wp-json\/wp\/v2\/media\/5128"}],"wp:attachment":[{"href":"http:\/\/www.college-wallon-ivry.fr\/index.php\/wp-json\/wp\/v2\/media?parent=5023"}],"wp:term":[{"taxonomy":"category","embeddable":true,"href":"http:\/\/www.college-wallon-ivry.fr\/index.php\/wp-json\/wp\/v2\/categories?post=5023"},{"taxonomy":"post_tag","embeddable":true,"href":"http:\/\/www.college-wallon-ivry.fr\/index.php\/wp-json\/wp\/v2\/tags?post=5023"}],"curies":[{"name":"wp","href":"https:\/\/api.w.org\/{rel}","templated":true}]}}