{"id":7466,"date":"2019-06-01T19:02:37","date_gmt":"2019-06-01T17:02:37","guid":{"rendered":"http:\/\/www.college-wallon-ivry.fr\/?p=7466"},"modified":"2019-06-18T18:17:22","modified_gmt":"2019-06-18T16:17:22","slug":"la-pie-bavarde-une-voleuse","status":"publish","type":"post","link":"http:\/\/www.college-wallon-ivry.fr\/index.php\/2019\/06\/01\/la-pie-bavarde-une-voleuse\/","title":{"rendered":"La pie bavarde, une voleuse\u00a0?"},"content":{"rendered":"<div id=\"pl-7466\"  class=\"panel-layout\" ><div id=\"pg-7466-0\"  class=\"panel-grid panel-no-style\" ><div id=\"pgc-7466-0-0\"  class=\"panel-grid-cell\" ><div id=\"panel-7466-0-0-0\" class=\"so-panel widget widget_sow-editor panel-first-child\" data-index=\"0\" ><div\n\t\t\t\n\t\t\tclass=\"so-widget-sow-editor so-widget-sow-editor-base\"\n\t\t\t\n\t\t>\n<div class=\"siteorigin-widget-tinymce textwidget\">\n\t<h2>Comment la reconna\u00eetre ?<\/h2>\n<p>La pie est facilement reconnaissable avec sa t\u00eate noire, son corps noir et blanc, et sa longue queue aux reflets bleus, violets et verts.<\/p>\n<\/div>\n<\/div><\/div><div id=\"panel-7466-0-0-1\" class=\"so-panel widget widget_sow-editor panel-last-child\" data-index=\"1\" ><div\n\t\t\t\n\t\t\tclass=\"so-widget-sow-editor so-widget-sow-editor-base\"\n\t\t\t\n\t\t>\n<div class=\"siteorigin-widget-tinymce textwidget\">\n\t<h2>Toutes des voleuses ?<\/h2>\n<p>Les pies ont la r\u00e9putation de voler des objets brillants et de les cacher au loin. A ce titre elles devraient plut\u00f4t s\u2019appeler les pies<\/p>\n<p>Mais il semblerait que ce soit une l\u00e9gende, et si elles entreposent quelque chose c\u2019est uniquement de la nourriture<\/p>\n<\/div>\n<\/div><\/div><\/div><div id=\"pgc-7466-0-1\"  class=\"panel-grid-cell\" ><div id=\"panel-7466-0-1-0\" class=\"so-panel widget widget_sow-image panel-first-child panel-last-child\" data-index=\"2\" ><div class=\"panel-widget-style panel-widget-style-for-7466-0-1-0\" ><div\n\t\t\t\n\t\t\tclass=\"so-widget-sow-image so-widget-sow-image-default-113ccd71f3e6-7466\"\n\t\t\t\n\t\t>\n<div class=\"sow-image-container\">\n\t\t\t<a href=\"http:\/\/www.college-wallon-ivry.fr\/wp-content\/uploads\/2019\/06\/Pie.jpg\"\n\t\t\t\t\t>\n\t\t\t<img \n\tsrc=\"http:\/\/www.college-wallon-ivry.fr\/wp-content\/uploads\/2019\/06\/Pie-225x300.jpg\" width=\"225\" height=\"300\" srcset=\"http:\/\/www.college-wallon-ivry.fr\/wp-content\/uploads\/2019\/06\/Pie-225x300.jpg 225w, http:\/\/www.college-wallon-ivry.fr\/wp-content\/uploads\/2019\/06\/Pie-768x1024.jpg 768w, http:\/\/www.college-wallon-ivry.fr\/wp-content\/uploads\/2019\/06\/Pie-400x533.jpg 400w, http:\/\/www.college-wallon-ivry.fr\/wp-content\/uploads\/2019\/06\/Pie.jpg 1532w\" sizes=\"(max-width: 225px) 100vw, 225px\" alt=\"Une pie bavarde\" \t\tclass=\"so-widget-image\"\/>\n\t\t\t<\/a><\/div>\n\n<\/div><\/div><\/div><\/div><\/div><div id=\"pg-7466-1\"  class=\"panel-grid panel-no-style\" ><div id=\"pgc-7466-1-0\"  class=\"panel-grid-cell\" ><div id=\"panel-7466-1-0-0\" class=\"so-panel widget widget_sow-image panel-first-child\" data-index=\"3\" ><div\n\t\t\t\n\t\t\tclass=\"so-widget-sow-image so-widget-sow-image-default-c67d20f9f743-7466\"\n\t\t\t\n\t\t>\n<div class=\"sow-image-container\">\n\t\t\t<a href=\"http:\/\/www.college-wallon-ivry.fr\/wp-content\/uploads\/2019\/06\/PiesBavardes.jpg\"\n\t\t\t\t\t>\n\t\t\t<img \n\tsrc=\"http:\/\/www.college-wallon-ivry.fr\/wp-content\/uploads\/2019\/06\/PiesBavardes.jpg\" width=\"897\" height=\"673\" srcset=\"http:\/\/www.college-wallon-ivry.fr\/wp-content\/uploads\/2019\/06\/PiesBavardes.jpg 897w, http:\/\/www.college-wallon-ivry.fr\/wp-content\/uploads\/2019\/06\/PiesBavardes-300x225.jpg 300w, http:\/\/www.college-wallon-ivry.fr\/wp-content\/uploads\/2019\/06\/PiesBavardes-768x576.jpg 768w, http:\/\/www.college-wallon-ivry.fr\/wp-content\/uploads\/2019\/06\/PiesBavardes-400x300.jpg 400w\" sizes=\"(max-width: 897px) 100vw, 897px\" alt=\"\" \t\tclass=\"so-widget-image\"\/>\n\t\t\t<\/a><\/div>\n\n<\/div><\/div><div id=\"panel-7466-1-0-1\" class=\"so-panel widget widget_sow-editor panel-last-child\" data-index=\"4\" ><div\n\t\t\t\n\t\t\tclass=\"so-widget-sow-editor so-widget-sow-editor-base\"\n\t\t\t\n\t\t>\n<div class=\"siteorigin-widget-tinymce textwidget\">\n\t<h2>Miroir, mon beau miroir...<\/h2>\n<p>Des \u00e9tudes r\u00e9centes ont montr\u00e9 que la pie est capable de se reconna\u00eetre dans un miroir.<\/p>\n<p>Des autocollants avaient \u00e9t\u00e9 plac\u00e9s sur le plumage de pies en captivit\u00e9, l\u00e0 o\u00f9 elles ne pouvaient pas normalement les voir. &nbsp;Elles ne remarqu\u00e8rent rien jusqu\u2019\u00e0 ce qu\u2019elles voient leur reflet et essaie d\u2019enlever les autocollants avec leur bec et leurs pattes.<\/p>\n<p>&nbsp;<\/p>\n<\/div>\n<\/div><\/div><\/div><div id=\"pgc-7466-1-1\"  class=\"panel-grid-cell\" ><div id=\"panel-7466-1-1-0\" class=\"so-panel widget widget_sow-editor panel-first-child\" data-index=\"5\" ><div\n\t\t\t\n\t\t\tclass=\"so-widget-sow-editor so-widget-sow-editor-base\"\n\t\t\t\n\t\t>\n<div class=\"siteorigin-widget-tinymce textwidget\">\n\t<h2>Attention aux bavardages !<\/h2>\n<p>Si ces oiseaux sont appel\u00e9s pies \u00ab&nbsp;bavardes&nbsp;\u00bb c\u2019est qu\u2019ils poss\u00e8dent un cri bruyant et criard.<\/p>\n<p>On les entend souvent jacasser dans nos parcs et jardins notamment quand ils sont en groupe.<\/p>\n<!--[if lt IE 9]><script>document.createElement('audio');<\/script><![endif]-->\n\t<div class=\"wp-playlist wp-audio-playlist wp-playlist-light\">\n\t\t\t<div class=\"wp-playlist-current-item\"><\/div>\n\t\t<audio controls=\"controls\" preload=\"none\" width=\"1148\"\n\t\t\t><\/audio>\n\t<div class=\"wp-playlist-next\"><\/div>\n\t<div class=\"wp-playlist-prev\"><\/div>\n\t<noscript>\n\t<ol>\n\t\t<li><a class=\"grouped_elements\" rel=\"tc-fancybox-group\" href=\"http:\/\/www.college-wallon-ivry.fr\/wp-content\/uploads\/2019\/06\/pie_bavarde.mp3\" title=\"Le cri de la pie bavarde\">Le cri de la pie bavarde<\/a><\/li>\t<\/ol>\n\t<\/noscript>\n\t<script type=\"application\/json\" class=\"wp-playlist-script\">{\"type\":\"audio\",\"tracklist\":false,\"tracknumbers\":true,\"images\":false,\"artists\":false,\"tracks\":[{\"src\":\"http:\\\/\\\/www.college-wallon-ivry.fr\\\/wp-content\\\/uploads\\\/2019\\\/06\\\/pie_bavarde.mp3\",\"type\":\"audio\\\/mpeg\",\"title\":\"Le cri de la pie bavarde\",\"caption\":\"\",\"description\":\"<i>pie_bavarde<\\\/i>.\",\"meta\":{\"length_formatted\":\"0:22\"},\"image\":{\"src\":\"http:\\\/\\\/www.college-wallon-ivry.fr\\\/wp-includes\\\/images\\\/media\\\/audio.svg\",\"width\":48,\"height\":64},\"thumb\":{\"src\":\"http:\\\/\\\/www.college-wallon-ivry.fr\\\/wp-includes\\\/images\\\/media\\\/audio.svg\",\"width\":48,\"height\":64}}]}<\/script>\n<\/div>\n\t\n<\/div>\n<\/div><\/div><div id=\"panel-7466-1-1-1\" class=\"so-panel widget widget_sow-image panel-last-child\" data-index=\"6\" ><div\n\t\t\t\n\t\t\tclass=\"so-widget-sow-image so-widget-sow-image-default-c67d20f9f743-7466\"\n\t\t\t\n\t\t>\n<div class=\"sow-image-container\">\n\t\t\t<a href=\"http:\/\/www.college-wallon-ivry.fr\/wp-content\/uploads\/2019\/06\/Pie2.jpg\"\n\t\t\t\t\t>\n\t\t\t<img \n\tsrc=\"http:\/\/www.college-wallon-ivry.fr\/wp-content\/uploads\/2019\/06\/Pie2-300x225.jpg\" width=\"300\" height=\"225\" srcset=\"http:\/\/www.college-wallon-ivry.fr\/wp-content\/uploads\/2019\/06\/Pie2-300x225.jpg 300w, http:\/\/www.college-wallon-ivry.fr\/wp-content\/uploads\/2019\/06\/Pie2-768x576.jpg 768w, http:\/\/www.college-wallon-ivry.fr\/wp-content\/uploads\/2019\/06\/Pie2-1024x768.jpg 1024w, http:\/\/www.college-wallon-ivry.fr\/wp-content\/uploads\/2019\/06\/Pie2-400x300.jpg 400w\" sizes=\"(max-width: 300px) 100vw, 300px\" alt=\"\" \t\tclass=\"so-widget-image\"\/>\n\t\t\t<\/a><\/div>\n\n<\/div><\/div><\/div><\/div><div id=\"pg-7466-2\"  class=\"panel-grid panel-has-style\" ><div class=\"panel-row-style panel-row-style-for-7466-2\" ><div id=\"pgc-7466-2-0\"  class=\"panel-grid-cell panel-grid-cell-mobile-last\" ><div id=\"panel-7466-2-0-0\" class=\"so-panel widget widget_sow-button panel-first-child panel-last-child\" data-index=\"7\" ><div class=\"panel-widget-style panel-widget-style-for-7466-2-0-0\" ><div\n\t\t\t\n\t\t\tclass=\"so-widget-sow-button so-widget-sow-button-wire-bcf782696933-7466\"\n\t\t\t\n\t\t><div class=\"ow-button-base ow-button-align-center\"\n>\n\t\t\t<a\n\t\t\t\t\thref=\"https:\/\/www.sciencepresse.qc.ca\/actualite\/2008\/09\/24\/pie-reussit-test-miroir\"\n\t\t\t\t\tclass=\"sowb-button ow-icon-placement-right ow-button-hover\" \t>\n\t\t<span>\n\t\t\t\n\t\t\tLien vers l'exp\u00e9rience sur le site de l'Agence Science Presse\t\t<\/span>\n\t\t\t<\/a>\n\t<\/div>\n<\/div><\/div><\/div><\/div><div id=\"pgc-7466-2-1\"  class=\"panel-grid-cell panel-grid-cell-empty\" ><\/div><\/div><\/div><\/div><h3>Images li\u00e9es:<\/h3>","protected":false},"excerpt":{"rendered":"<p>Comment la reconna\u00eetre ? La pie est facilement reconnaissable avec sa t\u00eate noire, son corps noir et blanc, et sa longue queue aux reflets bleus, violets et verts. Toutes des voleuses ? Les pies ont la r\u00e9putation de voler des objets brillants et de les cacher au loin. A ce titre elles devraient plut\u00f4t s\u2019appeler [&hellip;]<\/p>\n","protected":false},"author":1,"featured_media":7467,"comment_status":"open","ping_status":"open","sticky":false,"template":"","format":"standard","meta":{"ngg_post_thumbnail":0,"footnotes":""},"categories":[49,28],"tags":[],"class_list":{"0":"post-7466","1":"post","2":"type-post","3":"status-publish","4":"format-standard","5":"has-post-thumbnail","7":"category-action","8":"category-photos","9":"czr-hentry"},"_links":{"self":[{"href":"http:\/\/www.college-wallon-ivry.fr\/index.php\/wp-json\/wp\/v2\/posts\/7466","targetHints":{"allow":["GET"]}}],"collection":[{"href":"http:\/\/www.college-wallon-ivry.fr\/index.php\/wp-json\/wp\/v2\/posts"}],"about":[{"href":"http:\/\/www.college-wallon-ivry.fr\/index.php\/wp-json\/wp\/v2\/types\/post"}],"author":[{"embeddable":true,"href":"http:\/\/www.college-wallon-ivry.fr\/index.php\/wp-json\/wp\/v2\/users\/1"}],"replies":[{"embeddable":true,"href":"http:\/\/www.college-wallon-ivry.fr\/index.php\/wp-json\/wp\/v2\/comments?post=7466"}],"version-history":[{"count":50,"href":"http:\/\/www.college-wallon-ivry.fr\/index.php\/wp-json\/wp\/v2\/posts\/7466\/revisions"}],"predecessor-version":[{"id":7520,"href":"http:\/\/www.college-wallon-ivry.fr\/index.php\/wp-json\/wp\/v2\/posts\/7466\/revisions\/7520"}],"wp:featuredmedia":[{"embeddable":true,"href":"http:\/\/www.college-wallon-ivry.fr\/index.php\/wp-json\/wp\/v2\/media\/7467"}],"wp:attachment":[{"href":"http:\/\/www.college-wallon-ivry.fr\/index.php\/wp-json\/wp\/v2\/media?parent=7466"}],"wp:term":[{"taxonomy":"category","embeddable":true,"href":"http:\/\/www.college-wallon-ivry.fr\/index.php\/wp-json\/wp\/v2\/categories?post=7466"},{"taxonomy":"post_tag","embeddable":true,"href":"http:\/\/www.college-wallon-ivry.fr\/index.php\/wp-json\/wp\/v2\/tags?post=7466"}],"curies":[{"name":"wp","href":"https:\/\/api.w.org\/{rel}","templated":true}]}}