{"id":7553,"date":"2019-06-05T22:45:16","date_gmt":"2019-06-05T20:45:16","guid":{"rendered":"http:\/\/www.college-wallon-ivry.fr\/?p=7553"},"modified":"2019-06-18T18:17:33","modified_gmt":"2019-06-18T16:17:33","slug":"section-hand-tres-belle-3e-place-en-finale-regionale","status":"publish","type":"post","link":"http:\/\/www.college-wallon-ivry.fr\/index.php\/2019\/06\/05\/section-hand-tres-belle-3e-place-en-finale-regionale\/","title":{"rendered":"Section Hand : Tr\u00e8s belle 3\u00e8 place en finale r\u00e9gionale"},"content":{"rendered":"<div id=\"pl-7553\"  class=\"panel-layout\" ><div id=\"pg-7553-0\"  class=\"panel-grid panel-has-style\" ><div class=\"panel-row-style panel-row-style-for-7553-0\" ><div id=\"pgc-7553-0-0\"  class=\"panel-grid-cell\" ><div id=\"panel-7553-0-0-0\" class=\"so-panel widget widget_siteorigin-panels-builder panel-first-child panel-last-child\" data-index=\"0\" ><div id=\"pl-w5cf82b9e45830\"  class=\"panel-layout\" ><div id=\"pg-w5cf82b9e45830-0\"  class=\"panel-grid panel-no-style\" ><div id=\"pgc-w5cf82b9e45830-0-0\"  class=\"panel-grid-cell\" ><div id=\"panel-w5cf82b9e45830-0-0-0\" class=\"so-panel widget widget_sow-editor panel-first-child panel-last-child\" data-index=\"0\" ><div\n\t\t\t\n\t\t\tclass=\"so-widget-sow-editor so-widget-sow-editor-base\"\n\t\t\t\n\t\t>\n<div class=\"siteorigin-widget-tinymce textwidget\">\n\t<h3>Les benjamins de la section sportive se sont qualifi\u00e9s pour <u>la finale r\u00e9gionale le mercredi 5 juin<\/u>. C'est une premi\u00e8re depuis 5 ans !<\/h3>\n<h2>Mercredi 5 juin : <span style=\"color: #ff0000;\">Henri Wallon<\/span> 30-32 <span style=\"color: #00ff00;\">Montreuil<\/span>&nbsp;&nbsp;&nbsp; et&nbsp;&nbsp;&nbsp;&nbsp; <span style=\"color: #ff0000;\">Henri Wallon<\/span> 21-30 <span style=\"color: #00ff00;\">Pontault<\/span><\/h2>\n<\/div>\n<\/div><\/div><\/div><\/div><div id=\"pg-w5cf82b9e45830-1\"  class=\"panel-grid panel-no-style\" ><div id=\"pgc-w5cf82b9e45830-1-0\"  class=\"panel-grid-cell\" ><div id=\"panel-w5cf82b9e45830-1-0-0\" class=\"so-panel widget widget_sow-editor panel-first-child panel-last-child\" data-index=\"1\" ><div\n\t\t\t\n\t\t\tclass=\"so-widget-sow-editor so-widget-sow-editor-base\"\n\t\t\t\n\t\t>\n<div class=\"siteorigin-widget-tinymce textwidget\">\n\t<h4>Tr\u00e8s belle 3\u00e8 place en finale r\u00e9gionale pour les 6\u00e8-5\u00e8.&nbsp;<\/h4>\n<h4>Une premi\u00e8re pour la section \u00e0 Wallon ! De bon augure pour l'ann\u00e9e prochaine !<\/h4>\n<\/div>\n<\/div><\/div><\/div><div id=\"pgc-w5cf82b9e45830-1-1\"  class=\"panel-grid-cell\" ><div id=\"panel-w5cf82b9e45830-1-1-0\" class=\"so-panel widget widget_sow-image panel-first-child panel-last-child\" data-index=\"2\" ><div\n\t\t\t\n\t\t\tclass=\"so-widget-sow-image so-widget-sow-image-default-c67d20f9f743\"\n\t\t\t\n\t\t>\n<div class=\"sow-image-container\">\n\t\t\t<a href=\"http:\/\/www.college-wallon-ivry.fr\/wp-content\/uploads\/2019\/06\/IMG_20190605_1559581.jpg\"\n\t\t\t\t\t>\n\t\t\t<img \n\tsrc=\"http:\/\/www.college-wallon-ivry.fr\/wp-content\/uploads\/2019\/06\/IMG_20190605_1559581-300x225.jpg\" width=\"300\" height=\"225\" srcset=\"http:\/\/www.college-wallon-ivry.fr\/wp-content\/uploads\/2019\/06\/IMG_20190605_1559581-300x225.jpg 300w, http:\/\/www.college-wallon-ivry.fr\/wp-content\/uploads\/2019\/06\/IMG_20190605_1559581-768x576.jpg 768w, http:\/\/www.college-wallon-ivry.fr\/wp-content\/uploads\/2019\/06\/IMG_20190605_1559581-1024x768.jpg 1024w, http:\/\/www.college-wallon-ivry.fr\/wp-content\/uploads\/2019\/06\/IMG_20190605_1559581-400x300.jpg 400w, http:\/\/www.college-wallon-ivry.fr\/wp-content\/uploads\/2019\/06\/IMG_20190605_1559581.jpg 1080w\" sizes=\"(max-width: 300px) 100vw, 300px\" alt=\"\" \t\tclass=\"so-widget-image\"\/>\n\t\t\t<\/a><\/div>\n\n<\/div><\/div><\/div><\/div><\/div><\/div><\/div><\/div><\/div><div id=\"pg-7553-1\"  class=\"panel-grid panel-has-style\" ><div class=\"panel-row-style panel-row-style-for-7553-1\" ><div id=\"pgc-7553-1-0\"  class=\"panel-grid-cell\" ><div id=\"panel-7553-1-0-0\" class=\"so-panel widget widget_sow-editor panel-first-child panel-last-child\" data-index=\"1\" ><div\n\t\t\t\n\t\t\tclass=\"so-widget-sow-editor so-widget-sow-editor-base\"\n\t\t\t\n\t\t>\n<div class=\"siteorigin-widget-tinymce textwidget\">\n\t<h3>Mercredi 30 janvier<span style=\"color: #000000;\"> : <\/span><span style=\"color: #ff0000;\">Champigny<\/span> <span style=\"color: #000000;\">23 - 29<\/span> <strong><span style=\"color: #00ff00;\">Henri Wallon &nbsp;<\/span><br \/>\n<\/strong><\/h3>\n<h3>Mercredi 20 f\u00e9vrier : <span style=\"color: #666699;\">Henri Wallon<\/span> <span style=\"color: #000000;\">31 - 31<\/span> <span style=\"color: #666699;\">Champigny<\/span><\/h3>\n<p>L'\u00e9quipe se classe 1\u00e8re du d\u00e9partement, ce qui permet de rencontrer des \u00e9quipes class\u00e9es 2\u00e8 ou 3\u00e8 du 77 et du 93 pour le 1er tour r\u00e9gional pr\u00e9vu en mai...<\/p>\n<p>Bravo et allez Wallon<\/p>\n<p>&nbsp;<\/p>\n<\/div>\n<\/div><\/div><\/div><\/div><\/div><\/div><h3>Images li\u00e9es:<\/h3>","protected":false},"excerpt":{"rendered":"<p>Mercredi 30 janvier : Champigny 23 &#8211; 29 Henri Wallon &nbsp; Mercredi 20 f\u00e9vrier : Henri Wallon 31 &#8211; 31 Champigny L&rsquo;\u00e9quipe se classe 1\u00e8re du d\u00e9partement, ce qui permet de rencontrer des \u00e9quipes class\u00e9es 2\u00e8 ou 3\u00e8 du 77 et du 93 pour le 1er tour r\u00e9gional pr\u00e9vu en mai&#8230; Bravo et allez Wallon [&hellip;]<\/p>\n","protected":false},"author":1,"featured_media":7530,"comment_status":"open","ping_status":"open","sticky":false,"template":"","format":"standard","meta":{"ngg_post_thumbnail":0,"footnotes":""},"categories":[49],"tags":[],"class_list":{"0":"post-7553","1":"post","2":"type-post","3":"status-publish","4":"format-standard","5":"has-post-thumbnail","7":"category-action","8":"czr-hentry"},"_links":{"self":[{"href":"http:\/\/www.college-wallon-ivry.fr\/index.php\/wp-json\/wp\/v2\/posts\/7553","targetHints":{"allow":["GET"]}}],"collection":[{"href":"http:\/\/www.college-wallon-ivry.fr\/index.php\/wp-json\/wp\/v2\/posts"}],"about":[{"href":"http:\/\/www.college-wallon-ivry.fr\/index.php\/wp-json\/wp\/v2\/types\/post"}],"author":[{"embeddable":true,"href":"http:\/\/www.college-wallon-ivry.fr\/index.php\/wp-json\/wp\/v2\/users\/1"}],"replies":[{"embeddable":true,"href":"http:\/\/www.college-wallon-ivry.fr\/index.php\/wp-json\/wp\/v2\/comments?post=7553"}],"version-history":[{"count":5,"href":"http:\/\/www.college-wallon-ivry.fr\/index.php\/wp-json\/wp\/v2\/posts\/7553\/revisions"}],"predecessor-version":[{"id":7558,"href":"http:\/\/www.college-wallon-ivry.fr\/index.php\/wp-json\/wp\/v2\/posts\/7553\/revisions\/7558"}],"wp:featuredmedia":[{"embeddable":true,"href":"http:\/\/www.college-wallon-ivry.fr\/index.php\/wp-json\/wp\/v2\/media\/7530"}],"wp:attachment":[{"href":"http:\/\/www.college-wallon-ivry.fr\/index.php\/wp-json\/wp\/v2\/media?parent=7553"}],"wp:term":[{"taxonomy":"category","embeddable":true,"href":"http:\/\/www.college-wallon-ivry.fr\/index.php\/wp-json\/wp\/v2\/categories?post=7553"},{"taxonomy":"post_tag","embeddable":true,"href":"http:\/\/www.college-wallon-ivry.fr\/index.php\/wp-json\/wp\/v2\/tags?post=7553"}],"curies":[{"name":"wp","href":"https:\/\/api.w.org\/{rel}","templated":true}]}}