{"id":7969,"date":"2019-07-11T10:35:04","date_gmt":"2019-07-11T08:35:04","guid":{"rendered":"http:\/\/www.college-wallon-ivry.fr\/?p=7969"},"modified":"2019-09-28T12:30:20","modified_gmt":"2019-09-28T10:30:20","slug":"dates-rentree-2019","status":"publish","type":"post","link":"http:\/\/www.college-wallon-ivry.fr\/index.php\/2019\/07\/11\/dates-rentree-2019\/","title":{"rendered":"Dates pr\u00e9-rentr\u00e9e 2019"},"content":{"rendered":"<div id=\"pl-7969\"  class=\"panel-layout\" ><div id=\"pg-7969-0\"  class=\"panel-grid panel-no-style\" ><div id=\"pgc-7969-0-0\"  class=\"panel-grid-cell\" ><div id=\"panel-7969-0-0-0\" class=\"so-panel widget widget_sow-editor panel-first-child panel-last-child\" data-index=\"0\" ><div\n\t\t\t\n\t\t\tclass=\"so-widget-sow-editor so-widget-sow-editor-base\"\n\t\t\t\n\t\t>\n<div class=\"siteorigin-widget-tinymce textwidget\">\n\t<h3>Pr\u00e9-rentr\u00e9e :<\/h3>\n<p>Voici les dates de la pr\u00e9-rentr\u00e9e 2019 qui aura lieu le lundi 2&nbsp; et mardi 3 septembre.<\/p>\n<p>&nbsp;<\/p>\n<h3>D\u00e9but des cours<\/h3>\n<p>Les cours commenceront le mercredi 4 septembre.<\/p>\n<p>Bonnes vacances<\/p>\n<\/div>\n<\/div><\/div><\/div><\/div><div id=\"pg-7969-1\"  class=\"panel-grid panel-no-style\" ><div id=\"pgc-7969-1-0\"  class=\"panel-grid-cell\" ><div id=\"panel-7969-1-0-0\" class=\"so-panel widget widget_sow-image panel-first-child panel-last-child\" data-index=\"1\" ><div\n\t\t\t\n\t\t\tclass=\"so-widget-sow-image so-widget-sow-image-default-8b5b6f678277-7969\"\n\t\t\t\n\t\t>\n<div class=\"sow-image-container\">\n\t\t\t<a href=\"http:\/\/www.college-wallon-ivry.fr\/wp-content\/uploads\/2019\/07\/20190709105514870.pdf\"\n\t\t\t\t\t>\n\t\t\t<img \n\tsrc=\"http:\/\/www.college-wallon-ivry.fr\/wp-content\/uploads\/2019\/07\/20190709105514870-pdf.jpg\" width=\"1059\" height=\"1497\" sizes=\"(max-width: 1059px) 100vw, 1059px\" alt=\"\" \t\tclass=\"so-widget-image\"\/>\n\t\t\t<\/a><\/div>\n\n<\/div><\/div><\/div><\/div><\/div><h3>Images li\u00e9es:<\/h3>","protected":false},"excerpt":{"rendered":"<p>Pr\u00e9-rentr\u00e9e : Voici les dates de la pr\u00e9-rentr\u00e9e 2019 qui aura lieu le lundi 2&nbsp; et mardi 3 septembre. &nbsp; D\u00e9but des cours Les cours commenceront le mercredi 4 septembre. Bonnes vacances<\/p>\n","protected":false},"author":1,"featured_media":7971,"comment_status":"open","ping_status":"open","sticky":false,"template":"","format":"standard","meta":{"ngg_post_thumbnail":0,"footnotes":""},"categories":[17],"tags":[],"class_list":{"0":"post-7969","1":"post","2":"type-post","3":"status-publish","4":"format-standard","5":"has-post-thumbnail","7":"category-dates-importantes","8":"czr-hentry"},"_links":{"self":[{"href":"http:\/\/www.college-wallon-ivry.fr\/index.php\/wp-json\/wp\/v2\/posts\/7969","targetHints":{"allow":["GET"]}}],"collection":[{"href":"http:\/\/www.college-wallon-ivry.fr\/index.php\/wp-json\/wp\/v2\/posts"}],"about":[{"href":"http:\/\/www.college-wallon-ivry.fr\/index.php\/wp-json\/wp\/v2\/types\/post"}],"author":[{"embeddable":true,"href":"http:\/\/www.college-wallon-ivry.fr\/index.php\/wp-json\/wp\/v2\/users\/1"}],"replies":[{"embeddable":true,"href":"http:\/\/www.college-wallon-ivry.fr\/index.php\/wp-json\/wp\/v2\/comments?post=7969"}],"version-history":[{"count":6,"href":"http:\/\/www.college-wallon-ivry.fr\/index.php\/wp-json\/wp\/v2\/posts\/7969\/revisions"}],"predecessor-version":[{"id":7978,"href":"http:\/\/www.college-wallon-ivry.fr\/index.php\/wp-json\/wp\/v2\/posts\/7969\/revisions\/7978"}],"wp:featuredmedia":[{"embeddable":true,"href":"http:\/\/www.college-wallon-ivry.fr\/index.php\/wp-json\/wp\/v2\/media\/7971"}],"wp:attachment":[{"href":"http:\/\/www.college-wallon-ivry.fr\/index.php\/wp-json\/wp\/v2\/media?parent=7969"}],"wp:term":[{"taxonomy":"category","embeddable":true,"href":"http:\/\/www.college-wallon-ivry.fr\/index.php\/wp-json\/wp\/v2\/categories?post=7969"},{"taxonomy":"post_tag","embeddable":true,"href":"http:\/\/www.college-wallon-ivry.fr\/index.php\/wp-json\/wp\/v2\/tags?post=7969"}],"curies":[{"name":"wp","href":"https:\/\/api.w.org\/{rel}","templated":true}]}}