{"id":7980,"date":"2019-09-05T19:09:29","date_gmt":"2019-09-05T17:09:29","guid":{"rendered":"http:\/\/www.college-wallon-ivry.fr\/?p=7980"},"modified":"2019-09-28T12:30:49","modified_gmt":"2019-09-28T10:30:49","slug":"portes-ouvertes-as-les-dragons-de-wallon-sont-prets","status":"publish","type":"post","link":"http:\/\/www.college-wallon-ivry.fr\/index.php\/2019\/09\/05\/portes-ouvertes-as-les-dragons-de-wallon-sont-prets\/","title":{"rendered":"Portes ouvertes AS : les dragons de wallon sont pr\u00eats !"},"content":{"rendered":"<div id=\"pl-7980\"  class=\"panel-layout\" ><div id=\"pg-7980-0\"  class=\"panel-grid panel-no-style\" ><div id=\"pgc-7980-0-0\"  class=\"panel-grid-cell\" ><div id=\"panel-7980-0-0-0\" class=\"so-panel widget widget_sow-editor panel-first-child panel-last-child\" data-index=\"0\" ><div\n\t\t\t\n\t\t\tclass=\"so-widget-sow-editor so-widget-sow-editor-base\"\n\t\t\t\n\t\t>\n<div class=\"siteorigin-widget-tinymce textwidget\">\n\t<p>MERCREDI 11 SEPTEMBRE de 13h00 \u00e0 16h00 auront&nbsp;lieu les portes-ouvertes de l'Association Sportive du coll\u00e8ge alors r\u00e9serve ton apr\u00e8s-midi&nbsp;!&nbsp;<\/p>\n<p>&nbsp;<\/p>\n<\/div>\n<\/div><\/div><\/div><\/div><div id=\"pg-7980-1\"  class=\"panel-grid panel-no-style\" ><div id=\"pgc-7980-1-0\"  class=\"panel-grid-cell\" ><div id=\"panel-7980-1-0-0\" class=\"so-panel widget widget_sow-editor panel-first-child panel-last-child\" data-index=\"1\" ><div\n\t\t\t\n\t\t\tclass=\"so-widget-sow-editor so-widget-sow-editor-base\"\n\t\t\t\n\t\t>\n<div class=\"siteorigin-widget-tinymce textwidget\">\n\t<p>Viens tester<strong> gratuitement <\/strong>une ou deux activit\u00e9s parmi les suivantes : danse, tennis de table, boxe fran\u00e7aise et handball. Vos professeurs d'EPS vous donnent rendez-vous devant le coll\u00e8ge pour partir ensemble vers les installations.<\/p>\n<p>Pour s'inscrire \u00e0 l'AS il suffit de remplir le bulletin d'inscription et de payer 20&nbsp;euros pour toute l'ann\u00e9e.<\/p>\n<p>Attention, les <b>nouveaux maillots<\/b> de l'AS floqu\u00e9s du nouveau logo sont pr\u00eats !<br \/>\nUn maillot est offert pour toute inscription !<\/p>\n<\/div>\n<\/div><\/div><\/div><div id=\"pgc-7980-1-1\"  class=\"panel-grid-cell\" ><div id=\"panel-7980-1-1-0\" class=\"so-panel widget widget_sow-image panel-first-child panel-last-child\" data-index=\"2\" ><div\n\t\t\t\n\t\t\tclass=\"so-widget-sow-image so-widget-sow-image-default-c67d20f9f743-7980\"\n\t\t\t\n\t\t>\n<div class=\"sow-image-container\">\n\t\t\t<a href=\"http:\/\/www.college-wallon-ivry.fr\/wp-content\/uploads\/2019\/09\/IMG_20190905_131114.jpg\"\n\t\t\ttarget=\"_blank\" rel=\"noopener noreferrer\" \t\t>\n\t\t\t<img \n\tsrc=\"http:\/\/www.college-wallon-ivry.fr\/wp-content\/uploads\/2019\/09\/IMG_20190905_131114-225x300.jpg\" width=\"225\" height=\"300\" srcset=\"http:\/\/www.college-wallon-ivry.fr\/wp-content\/uploads\/2019\/09\/IMG_20190905_131114-225x300.jpg 225w, http:\/\/www.college-wallon-ivry.fr\/wp-content\/uploads\/2019\/09\/IMG_20190905_131114-768x1024.jpg 768w, http:\/\/www.college-wallon-ivry.fr\/wp-content\/uploads\/2019\/09\/IMG_20190905_131114-400x533.jpg 400w\" sizes=\"(max-width: 225px) 100vw, 225px\" title=\"All-focus\" alt=\"\" \t\tclass=\"so-widget-image\"\/>\n\t\t\t<\/a><\/div>\n\n<\/div><\/div><\/div><\/div><div id=\"pg-7980-2\"  class=\"panel-grid panel-no-style\" ><div id=\"pgc-7980-2-0\"  class=\"panel-grid-cell\" ><div id=\"panel-7980-2-0-0\" class=\"so-panel widget widget_sow-image panel-first-child panel-last-child\" data-index=\"3\" ><div\n\t\t\t\n\t\t\tclass=\"so-widget-sow-image so-widget-sow-image-default-c67d20f9f743-7980\"\n\t\t\t\n\t\t>\n<div class=\"sow-image-container\">\n\t\t\t<a href=\"http:\/\/www.college-wallon-ivry.fr\/wp-content\/uploads\/2019\/09\/IMG_20190603_204817.jpg\"\n\t\t\ttarget=\"_blank\" rel=\"noopener noreferrer\" \t\t>\n\t\t\t<img \n\tsrc=\"http:\/\/www.college-wallon-ivry.fr\/wp-content\/uploads\/2019\/09\/IMG_20190603_204817-225x300.jpg\" width=\"225\" height=\"300\" srcset=\"http:\/\/www.college-wallon-ivry.fr\/wp-content\/uploads\/2019\/09\/IMG_20190603_204817-225x300.jpg 225w, http:\/\/www.college-wallon-ivry.fr\/wp-content\/uploads\/2019\/09\/IMG_20190603_204817-768x1024.jpg 768w, http:\/\/www.college-wallon-ivry.fr\/wp-content\/uploads\/2019\/09\/IMG_20190603_204817-400x533.jpg 400w\" sizes=\"(max-width: 225px) 100vw, 225px\" title=\"All-focus\" alt=\"\" \t\tclass=\"so-widget-image\"\/>\n\t\t\t<\/a><\/div>\n\n<\/div><\/div><\/div><div id=\"pgc-7980-2-1\"  class=\"panel-grid-cell\" ><div id=\"panel-7980-2-1-0\" class=\"so-panel widget widget_sow-image panel-first-child panel-last-child\" data-index=\"4\" ><div\n\t\t\t\n\t\t\tclass=\"so-widget-sow-image so-widget-sow-image-default-c67d20f9f743-7980\"\n\t\t\t\n\t\t>\n<div class=\"sow-image-container\">\n\t\t\t<a href=\"http:\/\/www.college-wallon-ivry.fr\/wp-content\/uploads\/2019\/09\/IMG-20190911-WA0002.jpg\"\n\t\t\t\t\t>\n\t\t\t<img \n\tsrc=\"http:\/\/www.college-wallon-ivry.fr\/wp-content\/uploads\/2019\/09\/IMG-20190911-WA0002-300x169.jpg\" width=\"300\" height=\"169\" srcset=\"http:\/\/www.college-wallon-ivry.fr\/wp-content\/uploads\/2019\/09\/IMG-20190911-WA0002-300x169.jpg 300w, http:\/\/www.college-wallon-ivry.fr\/wp-content\/uploads\/2019\/09\/IMG-20190911-WA0002-768x432.jpg 768w, http:\/\/www.college-wallon-ivry.fr\/wp-content\/uploads\/2019\/09\/IMG-20190911-WA0002-1024x576.jpg 1024w, http:\/\/www.college-wallon-ivry.fr\/wp-content\/uploads\/2019\/09\/IMG-20190911-WA0002-400x225.jpg 400w, http:\/\/www.college-wallon-ivry.fr\/wp-content\/uploads\/2019\/09\/IMG-20190911-WA0002.jpg 1599w\" sizes=\"(max-width: 300px) 100vw, 300px\" alt=\"\" \t\tclass=\"so-widget-image\"\/>\n\t\t\t<\/a><\/div>\n\n<\/div><\/div><\/div><\/div><\/div><h3>Images li\u00e9es:<\/h3>","protected":false},"excerpt":{"rendered":"<p>MERCREDI 11 SEPTEMBRE de 13h00 \u00e0 16h00 auront&nbsp;lieu les portes-ouvertes de l&rsquo;Association Sportive du coll\u00e8ge alors r\u00e9serve ton apr\u00e8s-midi&nbsp;!&nbsp; &nbsp; Viens tester gratuitement une ou deux activit\u00e9s parmi les suivantes : danse, tennis de table, boxe fran\u00e7aise et handball. Vos professeurs d&rsquo;EPS vous donnent rendez-vous devant le coll\u00e8ge pour partir ensemble vers les installations. Pour [&hellip;]<\/p>\n","protected":false},"author":1,"featured_media":7992,"comment_status":"open","ping_status":"open","sticky":false,"template":"","format":"standard","meta":{"ngg_post_thumbnail":0,"footnotes":""},"categories":[49,47,23],"tags":[],"class_list":{"0":"post-7980","1":"post","2":"type-post","3":"status-publish","4":"format-standard","5":"has-post-thumbnail","7":"category-action","8":"category-as","9":"category-sport","10":"czr-hentry"},"_links":{"self":[{"href":"http:\/\/www.college-wallon-ivry.fr\/index.php\/wp-json\/wp\/v2\/posts\/7980","targetHints":{"allow":["GET"]}}],"collection":[{"href":"http:\/\/www.college-wallon-ivry.fr\/index.php\/wp-json\/wp\/v2\/posts"}],"about":[{"href":"http:\/\/www.college-wallon-ivry.fr\/index.php\/wp-json\/wp\/v2\/types\/post"}],"author":[{"embeddable":true,"href":"http:\/\/www.college-wallon-ivry.fr\/index.php\/wp-json\/wp\/v2\/users\/1"}],"replies":[{"embeddable":true,"href":"http:\/\/www.college-wallon-ivry.fr\/index.php\/wp-json\/wp\/v2\/comments?post=7980"}],"version-history":[{"count":9,"href":"http:\/\/www.college-wallon-ivry.fr\/index.php\/wp-json\/wp\/v2\/posts\/7980\/revisions"}],"predecessor-version":[{"id":8105,"href":"http:\/\/www.college-wallon-ivry.fr\/index.php\/wp-json\/wp\/v2\/posts\/7980\/revisions\/8105"}],"wp:featuredmedia":[{"embeddable":true,"href":"http:\/\/www.college-wallon-ivry.fr\/index.php\/wp-json\/wp\/v2\/media\/7992"}],"wp:attachment":[{"href":"http:\/\/www.college-wallon-ivry.fr\/index.php\/wp-json\/wp\/v2\/media?parent=7980"}],"wp:term":[{"taxonomy":"category","embeddable":true,"href":"http:\/\/www.college-wallon-ivry.fr\/index.php\/wp-json\/wp\/v2\/categories?post=7980"},{"taxonomy":"post_tag","embeddable":true,"href":"http:\/\/www.college-wallon-ivry.fr\/index.php\/wp-json\/wp\/v2\/tags?post=7980"}],"curies":[{"name":"wp","href":"https:\/\/api.w.org\/{rel}","templated":true}]}}