{"id":11967,"date":"2021-06-06T19:00:21","date_gmt":"2021-06-06T17:00:21","guid":{"rendered":"http:\/\/www.college-wallon-ivry.fr\/?p=11967"},"modified":"2021-07-04T17:18:48","modified_gmt":"2021-07-04T15:18:48","slug":"les-talens-lyriques","status":"publish","type":"post","link":"https:\/\/www.college-wallon-ivry.fr\/index.php\/2021\/06\/06\/les-talens-lyriques\/","title":{"rendered":"Les talens lyriques : l&rsquo;\u00e9v\u00e9nement du 9 et 10 juin!"},"content":{"rendered":"<div id=\"pl-11967\"  class=\"panel-layout\" ><div id=\"pg-11967-0\"  class=\"panel-grid panel-no-style\" ><div id=\"pgc-11967-0-0\"  class=\"panel-grid-cell\" ><div id=\"panel-11967-0-0-0\" class=\"so-panel widget widget_sow-editor panel-first-child panel-last-child\" data-index=\"0\" ><div\n\t\t\t\n\t\t\tclass=\"so-widget-sow-editor so-widget-sow-editor-base\"\n\t\t\t\n\t\t>\n<div class=\"siteorigin-widget-tinymce textwidget\">\n\t<p>Dans le cadre des actions culturelles des <span class=\"il\">Talens<\/span> <span class=\"il\">Lyriques<\/span>, vous \u00eates invit\u00e9 \u00e0 venir voir l'aboutissement du projet qui a impliqu\u00e9 plusieurs classes du coll\u00e8ge, une classe du coll\u00e8ge Politzer, une classe de CM2 de l'\u00e9cole Makarenko et le conservatoire d'Ivry.<\/p>\n<p>&nbsp;<\/p>\n<\/div>\n<\/div><\/div><\/div><\/div><div id=\"pg-11967-1\"  class=\"panel-grid panel-no-style\" ><div id=\"pgc-11967-1-0\"  class=\"panel-grid-cell\" ><div id=\"panel-11967-1-0-0\" class=\"so-panel widget widget_sow-editor panel-first-child panel-last-child\" data-index=\"1\" ><div\n\t\t\t\n\t\t\tclass=\"so-widget-sow-editor so-widget-sow-editor-base\"\n\t\t\t\n\t\t>\n<div class=\"siteorigin-widget-tinymce textwidget\">\n\t<p><span style=\"color: #333333;\"><strong>Dates et lieu<\/strong>&nbsp;<\/span>: le mercredi 9 juin et le jeudi 10 juin 2021 \u00e0 19h, dans la cour du coll\u00e8ge Henri Wallon.<\/p>\n<p><span style=\"color: #333333;\"><strong>Participants<\/strong>&nbsp;<strong>et disciplines&nbsp;<\/strong>:&nbsp;<\/span><br \/>\n&nbsp; &nbsp; &nbsp; &nbsp; - 4<sup>\u00e8me<\/sup>&nbsp;4&nbsp;: th\u00e9\u00e2tre et danse<br \/>\n&nbsp;&nbsp;&nbsp;&nbsp;&nbsp;&nbsp;&nbsp; - 3<sup>\u00e8me<\/sup>&nbsp;6&nbsp;: r\u00e9gie, costume<br \/>\n&nbsp;&nbsp;&nbsp;&nbsp;&nbsp;&nbsp;&nbsp; - La classe de 6<sup>\u00e8me<\/sup>&nbsp;6 forme un Ch\u0153ur (Le Petit Ch\u0153ur des Talens), associ\u00e9s \u00e0 la classe de 6<sup>\u00e8me<\/sup>&nbsp;CHAM du coll\u00e8ge Politzer et \u00e0 la classe de CM2A de l\u2019Ecole Anton Makarenko.<br \/>\n&nbsp;&nbsp;&nbsp;&nbsp;&nbsp;&nbsp;&nbsp; - L\u2019orchestre d\u2019\u00e9l\u00e8ves du Conservatoire d\u2019Ivry les accompagnera.&nbsp;<\/p>\n<\/div>\n<\/div><\/div><\/div><div id=\"pgc-11967-1-1\"  class=\"panel-grid-cell\" ><div id=\"panel-11967-1-1-0\" class=\"so-panel widget widget_sow-image panel-first-child\" data-index=\"2\" ><div\n\t\t\t\n\t\t\tclass=\"so-widget-sow-image so-widget-sow-image-default-8b5b6f678277-11967\"\n\t\t\t\n\t\t>\n<div class=\"sow-image-container\">\n\t\t\t<a href=\"https:\/\/www.lestalenslyriques.com\/galerie\/\"\n\t\t\t\t\t>\n\t\t\t<img \n\tsrc=\"https:\/\/www.college-wallon-ivry.fr\/wp-content\/uploads\/2021\/05\/Capture-talens-lyrique-150x150.jpg\" width=\"150\" height=\"150\" srcset=\"https:\/\/www.college-wallon-ivry.fr\/wp-content\/uploads\/2021\/05\/Capture-talens-lyrique-150x150.jpg 150w, https:\/\/www.college-wallon-ivry.fr\/wp-content\/uploads\/2021\/05\/Capture-talens-lyrique-200x200.jpg 200w\" sizes=\"(max-width: 150px) 100vw, 150px\" title=\"Capture talens lyrique\" alt=\"\" \t\tclass=\"so-widget-image\"\/>\n\t\t\t<\/a><\/div>\n\n<\/div><\/div><div id=\"panel-11967-1-1-1\" class=\"so-panel widget widget_sow-editor panel-last-child\" data-index=\"3\" ><div\n\t\t\t\n\t\t\tclass=\"so-widget-sow-editor so-widget-sow-editor-base\"\n\t\t\t\n\t\t>\n<div class=\"siteorigin-widget-tinymce textwidget\">\n\t<h6><a href=\"https:\/\/www.lestalenslyriques.com\/\">Site internet des talens lyriques : https:\/\/www.lestalenslyriques.com\/<\/a><\/h6>\n<\/div>\n<\/div><\/div><\/div><\/div><div id=\"pg-11967-2\"  class=\"panel-grid panel-no-style\" ><div id=\"pgc-11967-2-0\"  class=\"panel-grid-cell\" ><div id=\"panel-11967-2-0-0\" class=\"so-panel widget widget_sow-editor panel-first-child panel-last-child\" data-index=\"4\" ><div\n\t\t\t\n\t\t\tclass=\"so-widget-sow-editor so-widget-sow-editor-base\"\n\t\t\t\n\t\t>\n<div class=\"siteorigin-widget-tinymce textwidget\">\n\t<p>Comme une esquisse de cet \u00e9v\u00e8nement, voici quelques photos des ateliers qui ont eu lieu au coll\u00e8ge.<\/p>\n<\/div>\n<\/div><\/div><\/div><\/div><div id=\"pg-11967-3\"  class=\"panel-grid panel-no-style\" ><div id=\"pgc-11967-3-0\"  class=\"panel-grid-cell\" ><div id=\"panel-11967-3-0-0\" class=\"so-panel widget widget_sow-image panel-first-child\" data-index=\"5\" ><div\n\t\t\t\n\t\t\tclass=\"so-widget-sow-image so-widget-sow-image-default-c67d20f9f743-11967\"\n\t\t\t\n\t\t>\n<div class=\"sow-image-container\">\n\t\t\t<a href=\"http:\/\/www.college-wallon-ivry.fr\/wp-content\/uploads\/2021\/05\/47043598-a41d-4949-a0d1-5d2d587e3494.jpg\"\n\t\t\t\t\t>\n\t\t\t<img \n\tsrc=\"https:\/\/www.college-wallon-ivry.fr\/wp-content\/uploads\/2021\/05\/47043598-a41d-4949-a0d1-5d2d587e3494-300x222.jpg\" width=\"300\" height=\"222\" srcset=\"https:\/\/www.college-wallon-ivry.fr\/wp-content\/uploads\/2021\/05\/47043598-a41d-4949-a0d1-5d2d587e3494-300x222.jpg 300w, https:\/\/www.college-wallon-ivry.fr\/wp-content\/uploads\/2021\/05\/47043598-a41d-4949-a0d1-5d2d587e3494-1024x759.jpg 1024w, https:\/\/www.college-wallon-ivry.fr\/wp-content\/uploads\/2021\/05\/47043598-a41d-4949-a0d1-5d2d587e3494-768x569.jpg 768w, https:\/\/www.college-wallon-ivry.fr\/wp-content\/uploads\/2021\/05\/47043598-a41d-4949-a0d1-5d2d587e3494-1536x1138.jpg 1536w, https:\/\/www.college-wallon-ivry.fr\/wp-content\/uploads\/2021\/05\/47043598-a41d-4949-a0d1-5d2d587e3494-400x296.jpg 400w, https:\/\/www.college-wallon-ivry.fr\/wp-content\/uploads\/2021\/05\/47043598-a41d-4949-a0d1-5d2d587e3494.jpg 1599w\" sizes=\"(max-width: 300px) 100vw, 300px\" alt=\"\" \t\tclass=\"so-widget-image\"\/>\n\t\t\t<\/a><\/div>\n\n<\/div><\/div><div id=\"panel-11967-3-0-1\" class=\"so-panel widget widget_sow-image panel-last-child\" data-index=\"6\" ><div\n\t\t\t\n\t\t\tclass=\"so-widget-sow-image so-widget-sow-image-default-c67d20f9f743-11967\"\n\t\t\t\n\t\t>\n<div class=\"sow-image-container\">\n\t\t\t<a href=\"http:\/\/www.college-wallon-ivry.fr\/wp-content\/uploads\/2021\/05\/IMG_9731-scaled.jpeg\"\n\t\t\t\t\t>\n\t\t\t<img \n\tsrc=\"https:\/\/www.college-wallon-ivry.fr\/wp-content\/uploads\/2021\/05\/IMG_9731-300x225.jpeg\" width=\"300\" height=\"225\" srcset=\"https:\/\/www.college-wallon-ivry.fr\/wp-content\/uploads\/2021\/05\/IMG_9731-300x225.jpeg 300w, https:\/\/www.college-wallon-ivry.fr\/wp-content\/uploads\/2021\/05\/IMG_9731-1024x768.jpeg 1024w, https:\/\/www.college-wallon-ivry.fr\/wp-content\/uploads\/2021\/05\/IMG_9731-768x576.jpeg 768w, https:\/\/www.college-wallon-ivry.fr\/wp-content\/uploads\/2021\/05\/IMG_9731-1536x1152.jpeg 1536w, https:\/\/www.college-wallon-ivry.fr\/wp-content\/uploads\/2021\/05\/IMG_9731-2048x1536.jpeg 2048w, https:\/\/www.college-wallon-ivry.fr\/wp-content\/uploads\/2021\/05\/IMG_9731-400x300.jpeg 400w\" sizes=\"(max-width: 300px) 100vw, 300px\" title=\"IMG_9731\" alt=\"\" \t\tclass=\"so-widget-image\"\/>\n\t\t\t<\/a><\/div>\n\n<\/div><\/div><\/div><div id=\"pgc-11967-3-1\"  class=\"panel-grid-cell\" ><div id=\"panel-11967-3-1-0\" class=\"so-panel widget widget_sow-image panel-first-child\" data-index=\"7\" ><div\n\t\t\t\n\t\t\tclass=\"so-widget-sow-image so-widget-sow-image-default-c67d20f9f743-11967\"\n\t\t\t\n\t\t>\n<div class=\"sow-image-container\">\n\t\t\t<a href=\"http:\/\/www.college-wallon-ivry.fr\/wp-content\/uploads\/2021\/05\/IMG_9722-scaled.jpg\"\n\t\t\t\t\t>\n\t\t\t<img \n\tsrc=\"https:\/\/www.college-wallon-ivry.fr\/wp-content\/uploads\/2021\/05\/IMG_9722-300x225.jpg\" width=\"300\" height=\"225\" srcset=\"https:\/\/www.college-wallon-ivry.fr\/wp-content\/uploads\/2021\/05\/IMG_9722-300x225.jpg 300w, https:\/\/www.college-wallon-ivry.fr\/wp-content\/uploads\/2021\/05\/IMG_9722-1024x768.jpg 1024w, https:\/\/www.college-wallon-ivry.fr\/wp-content\/uploads\/2021\/05\/IMG_9722-768x576.jpg 768w, https:\/\/www.college-wallon-ivry.fr\/wp-content\/uploads\/2021\/05\/IMG_9722-1536x1152.jpg 1536w, https:\/\/www.college-wallon-ivry.fr\/wp-content\/uploads\/2021\/05\/IMG_9722-2048x1536.jpg 2048w, https:\/\/www.college-wallon-ivry.fr\/wp-content\/uploads\/2021\/05\/IMG_9722-400x300.jpg 400w\" sizes=\"(max-width: 300px) 100vw, 300px\" title=\"IMG_9722\" alt=\"\" \t\tclass=\"so-widget-image\"\/>\n\t\t\t<\/a><\/div>\n\n<\/div><\/div><div id=\"panel-11967-3-1-1\" class=\"so-panel widget widget_sow-image panel-last-child\" data-index=\"8\" ><div\n\t\t\t\n\t\t\tclass=\"so-widget-sow-image so-widget-sow-image-default-c67d20f9f743-11967\"\n\t\t\t\n\t\t>\n<div class=\"sow-image-container\">\n\t\t\t<a href=\"http:\/\/www.college-wallon-ivry.fr\/wp-content\/uploads\/2021\/05\/2021-05-18-15.04.59-scaled.jpg\"\n\t\t\t\t\t>\n\t\t\t<img \n\tsrc=\"https:\/\/www.college-wallon-ivry.fr\/wp-content\/uploads\/2021\/05\/2021-05-18-15.04.59-300x200.jpg\" width=\"300\" height=\"200\" srcset=\"https:\/\/www.college-wallon-ivry.fr\/wp-content\/uploads\/2021\/05\/2021-05-18-15.04.59-300x200.jpg 300w, https:\/\/www.college-wallon-ivry.fr\/wp-content\/uploads\/2021\/05\/2021-05-18-15.04.59-1024x683.jpg 1024w, https:\/\/www.college-wallon-ivry.fr\/wp-content\/uploads\/2021\/05\/2021-05-18-15.04.59-768x512.jpg 768w, https:\/\/www.college-wallon-ivry.fr\/wp-content\/uploads\/2021\/05\/2021-05-18-15.04.59-1536x1024.jpg 1536w, https:\/\/www.college-wallon-ivry.fr\/wp-content\/uploads\/2021\/05\/2021-05-18-15.04.59-2048x1365.jpg 2048w, https:\/\/www.college-wallon-ivry.fr\/wp-content\/uploads\/2021\/05\/2021-05-18-15.04.59-272x182.jpg 272w, https:\/\/www.college-wallon-ivry.fr\/wp-content\/uploads\/2021\/05\/2021-05-18-15.04.59-400x267.jpg 400w\" sizes=\"(max-width: 300px) 100vw, 300px\" title=\"2021-05-18 15.04.59\" alt=\"\" \t\tclass=\"so-widget-image\"\/>\n\t\t\t<\/a><\/div>\n\n<\/div><\/div><\/div><div id=\"pgc-11967-3-2\"  class=\"panel-grid-cell\" ><div id=\"panel-11967-3-2-0\" class=\"so-panel widget widget_sow-image panel-first-child\" data-index=\"9\" ><div\n\t\t\t\n\t\t\tclass=\"so-widget-sow-image so-widget-sow-image-default-c67d20f9f743-11967\"\n\t\t\t\n\t\t>\n<div class=\"sow-image-container\">\n\t\t\t<a href=\"http:\/\/www.college-wallon-ivry.fr\/wp-content\/uploads\/2021\/05\/IMG_9316-scaled.jpg\"\n\t\t\t\t\t>\n\t\t\t<img \n\tsrc=\"https:\/\/www.college-wallon-ivry.fr\/wp-content\/uploads\/2021\/05\/IMG_9316-300x225.jpg\" width=\"300\" height=\"225\" srcset=\"https:\/\/www.college-wallon-ivry.fr\/wp-content\/uploads\/2021\/05\/IMG_9316-300x225.jpg 300w, https:\/\/www.college-wallon-ivry.fr\/wp-content\/uploads\/2021\/05\/IMG_9316-1024x768.jpg 1024w, https:\/\/www.college-wallon-ivry.fr\/wp-content\/uploads\/2021\/05\/IMG_9316-768x576.jpg 768w, https:\/\/www.college-wallon-ivry.fr\/wp-content\/uploads\/2021\/05\/IMG_9316-1536x1152.jpg 1536w, https:\/\/www.college-wallon-ivry.fr\/wp-content\/uploads\/2021\/05\/IMG_9316-2048x1536.jpg 2048w, https:\/\/www.college-wallon-ivry.fr\/wp-content\/uploads\/2021\/05\/IMG_9316-400x300.jpg 400w\" sizes=\"(max-width: 300px) 100vw, 300px\" title=\"IMG_9316\" alt=\"\" \t\tclass=\"so-widget-image\"\/>\n\t\t\t<\/a><\/div>\n\n<\/div><\/div><div id=\"panel-11967-3-2-1\" class=\"so-panel widget widget_sow-image panel-last-child\" data-index=\"10\" ><div\n\t\t\t\n\t\t\tclass=\"so-widget-sow-image so-widget-sow-image-default-c67d20f9f743-11967\"\n\t\t\t\n\t\t>\n<div class=\"sow-image-container\">\n\t\t\t<a href=\"http:\/\/www.college-wallon-ivry.fr\/wp-content\/uploads\/2021\/05\/IMG_8537-scaled.jpg\"\n\t\t\t\t\t>\n\t\t\t<img \n\tsrc=\"https:\/\/www.college-wallon-ivry.fr\/wp-content\/uploads\/2021\/05\/IMG_8537-300x200.jpg\" width=\"300\" height=\"200\" srcset=\"https:\/\/www.college-wallon-ivry.fr\/wp-content\/uploads\/2021\/05\/IMG_8537-300x200.jpg 300w, https:\/\/www.college-wallon-ivry.fr\/wp-content\/uploads\/2021\/05\/IMG_8537-1024x683.jpg 1024w, https:\/\/www.college-wallon-ivry.fr\/wp-content\/uploads\/2021\/05\/IMG_8537-768x512.jpg 768w, https:\/\/www.college-wallon-ivry.fr\/wp-content\/uploads\/2021\/05\/IMG_8537-1536x1024.jpg 1536w, https:\/\/www.college-wallon-ivry.fr\/wp-content\/uploads\/2021\/05\/IMG_8537-2048x1365.jpg 2048w, https:\/\/www.college-wallon-ivry.fr\/wp-content\/uploads\/2021\/05\/IMG_8537-272x182.jpg 272w, https:\/\/www.college-wallon-ivry.fr\/wp-content\/uploads\/2021\/05\/IMG_8537-400x267.jpg 400w\" sizes=\"(max-width: 300px) 100vw, 300px\" title=\"IMG_8537\" alt=\"\" \t\tclass=\"so-widget-image\"\/>\n\t\t\t<\/a><\/div>\n\n<\/div><\/div><\/div><\/div><\/div><h3>Images li\u00e9es:<\/h3>","protected":false},"excerpt":{"rendered":"<p>Dans le cadre des actions culturelles des Talens Lyriques, vous \u00eates invit\u00e9 \u00e0 venir voir l&rsquo;aboutissement du projet qui a impliqu\u00e9 plusieurs classes du coll\u00e8ge, une classe du coll\u00e8ge Politzer, une classe de CM2 de l&rsquo;\u00e9cole Makarenko et le conservatoire d&rsquo;Ivry. &nbsp; Dates et lieu&nbsp;: le mercredi 9 juin et le jeudi 10 juin 2021 [&hellip;]<\/p>\n","protected":false},"author":1,"featured_media":11976,"comment_status":"closed","ping_status":"closed","sticky":false,"template":"","format":"standard","meta":{"ngg_post_thumbnail":0,"footnotes":""},"categories":[49,15,16],"tags":[],"class_list":{"0":"post-11967","1":"post","2":"type-post","3":"status-publish","4":"format-standard","5":"has-post-thumbnail","7":"category-action","8":"category-projet","9":"category-realisation","10":"czr-hentry"},"_links":{"self":[{"href":"https:\/\/www.college-wallon-ivry.fr\/index.php\/wp-json\/wp\/v2\/posts\/11967","targetHints":{"allow":["GET"]}}],"collection":[{"href":"https:\/\/www.college-wallon-ivry.fr\/index.php\/wp-json\/wp\/v2\/posts"}],"about":[{"href":"https:\/\/www.college-wallon-ivry.fr\/index.php\/wp-json\/wp\/v2\/types\/post"}],"author":[{"embeddable":true,"href":"https:\/\/www.college-wallon-ivry.fr\/index.php\/wp-json\/wp\/v2\/users\/1"}],"replies":[{"embeddable":true,"href":"https:\/\/www.college-wallon-ivry.fr\/index.php\/wp-json\/wp\/v2\/comments?post=11967"}],"version-history":[{"count":13,"href":"https:\/\/www.college-wallon-ivry.fr\/index.php\/wp-json\/wp\/v2\/posts\/11967\/revisions"}],"predecessor-version":[{"id":11983,"href":"https:\/\/www.college-wallon-ivry.fr\/index.php\/wp-json\/wp\/v2\/posts\/11967\/revisions\/11983"}],"wp:featuredmedia":[{"embeddable":true,"href":"https:\/\/www.college-wallon-ivry.fr\/index.php\/wp-json\/wp\/v2\/media\/11976"}],"wp:attachment":[{"href":"https:\/\/www.college-wallon-ivry.fr\/index.php\/wp-json\/wp\/v2\/media?parent=11967"}],"wp:term":[{"taxonomy":"category","embeddable":true,"href":"https:\/\/www.college-wallon-ivry.fr\/index.php\/wp-json\/wp\/v2\/categories?post=11967"},{"taxonomy":"post_tag","embeddable":true,"href":"https:\/\/www.college-wallon-ivry.fr\/index.php\/wp-json\/wp\/v2\/tags?post=11967"}],"curies":[{"name":"wp","href":"https:\/\/api.w.org\/{rel}","templated":true}]}}