{"id":12652,"date":"2021-09-29T17:03:57","date_gmt":"2021-09-29T15:03:57","guid":{"rendered":"http:\/\/www.college-wallon-ivry.fr\/?p=12652"},"modified":"2022-07-07T20:05:06","modified_gmt":"2022-07-07T18:05:06","slug":"12652","status":"publish","type":"post","link":"https:\/\/www.college-wallon-ivry.fr\/index.php\/2021\/09\/29\/12652\/","title":{"rendered":""},"content":{"rendered":"<div id=\"pl-12652\"  class=\"panel-layout\" ><div id=\"pg-12652-0\"  class=\"panel-grid panel-no-style\" ><div id=\"pgc-12652-0-0\"  class=\"panel-grid-cell\" ><div id=\"panel-12652-0-0-0\" class=\"so-panel widget widget_sow-editor panel-first-child panel-last-child\" data-index=\"0\" ><div\n\t\t\t\n\t\t\tclass=\"so-widget-sow-editor so-widget-sow-editor-base\"\n\t\t\t\n\t\t>\n<div class=\"siteorigin-widget-tinymce textwidget\">\n\t<p>Les classes de 5\u00e8me3 et 5\u00e8me6 ont eu le plaisir de profiter du beau temps en ext\u00e9rieur ce vendredi 24 septembre. Les \u00e9l\u00e8ves et leurs professeurs avaient chauss\u00e9 leurs baskets pour entreprendre une \"rando street-art\" dans le 13\u00e8me arrondissement de Paris.<\/p>\n<p>La premi\u00e8re \u00e9tape a \u00e9t\u00e9 le \"Spot 13\", un lieu ouvert \u00e0 tous, permettant aux street artistes de s'exprimer librement.<\/p>\n<\/div>\n<\/div><\/div><\/div><\/div><div id=\"pg-12652-1\"  class=\"panel-grid panel-no-style\" ><div id=\"pgc-12652-1-0\"  class=\"panel-grid-cell\" ><div id=\"panel-12652-1-0-0\" class=\"so-panel widget widget_sow-image panel-first-child panel-last-child\" data-index=\"1\" ><div\n\t\t\t\n\t\t\tclass=\"so-widget-sow-image so-widget-sow-image-default-c67d20f9f743-12652\"\n\t\t\t\n\t\t>\n<div class=\"sow-image-container\">\n\t\t\t<a href=\"http:\/\/www.college-wallon-ivry.fr\/wp-content\/uploads\/2021\/09\/IMG_4844.jpeg\"\n\t\t\ttarget=\"_blank\" rel=\"noopener noreferrer\" \t\t>\n\t\t\t<img \n\tsrc=\"https:\/\/www.college-wallon-ivry.fr\/wp-content\/uploads\/2021\/09\/IMG_4844-225x300.jpeg\" width=\"225\" height=\"300\" srcset=\"https:\/\/www.college-wallon-ivry.fr\/wp-content\/uploads\/2021\/09\/IMG_4844-225x300.jpeg 225w, https:\/\/www.college-wallon-ivry.fr\/wp-content\/uploads\/2021\/09\/IMG_4844-400x533.jpeg 400w, https:\/\/www.college-wallon-ivry.fr\/wp-content\/uploads\/2021\/09\/IMG_4844.jpeg 480w\" sizes=\"(max-width: 225px) 100vw, 225px\" alt=\"\" \t\tclass=\"so-widget-image\"\/>\n\t\t\t<\/a><\/div>\n\n<\/div><\/div><\/div><div id=\"pgc-12652-1-1\"  class=\"panel-grid-cell\" ><div id=\"panel-12652-1-1-0\" class=\"so-panel widget widget_sow-image panel-first-child panel-last-child\" data-index=\"2\" ><div\n\t\t\t\n\t\t\tclass=\"so-widget-sow-image so-widget-sow-image-default-c67d20f9f743-12652\"\n\t\t\t\n\t\t>\n<div class=\"sow-image-container\">\n\t\t\t<a href=\"http:\/\/www.college-wallon-ivry.fr\/wp-content\/uploads\/2021\/09\/IMG_4835.jpeg\"\n\t\t\ttarget=\"_blank\" rel=\"noopener noreferrer\" \t\t>\n\t\t\t<img \n\tsrc=\"https:\/\/www.college-wallon-ivry.fr\/wp-content\/uploads\/2021\/09\/IMG_4835-225x300.jpeg\" width=\"225\" height=\"300\" srcset=\"https:\/\/www.college-wallon-ivry.fr\/wp-content\/uploads\/2021\/09\/IMG_4835-225x300.jpeg 225w, https:\/\/www.college-wallon-ivry.fr\/wp-content\/uploads\/2021\/09\/IMG_4835-400x533.jpeg 400w, https:\/\/www.college-wallon-ivry.fr\/wp-content\/uploads\/2021\/09\/IMG_4835.jpeg 480w\" sizes=\"(max-width: 225px) 100vw, 225px\" alt=\"\" \t\tclass=\"so-widget-image\"\/>\n\t\t\t<\/a><\/div>\n\n<\/div><\/div><\/div><div id=\"pgc-12652-1-2\"  class=\"panel-grid-cell\" ><div id=\"panel-12652-1-2-0\" class=\"so-panel widget widget_sow-image panel-first-child panel-last-child\" data-index=\"3\" ><div\n\t\t\t\n\t\t\tclass=\"so-widget-sow-image so-widget-sow-image-default-c67d20f9f743-12652\"\n\t\t\t\n\t\t>\n<div class=\"sow-image-container\">\n\t\t\t<a href=\"http:\/\/www.college-wallon-ivry.fr\/wp-content\/uploads\/2021\/09\/IMG_4840.jpeg\"\n\t\t\ttarget=\"_blank\" rel=\"noopener noreferrer\" \t\t>\n\t\t\t<img \n\tsrc=\"https:\/\/www.college-wallon-ivry.fr\/wp-content\/uploads\/2021\/09\/IMG_4840-225x300.jpeg\" width=\"225\" height=\"300\" srcset=\"https:\/\/www.college-wallon-ivry.fr\/wp-content\/uploads\/2021\/09\/IMG_4840-225x300.jpeg 225w, https:\/\/www.college-wallon-ivry.fr\/wp-content\/uploads\/2021\/09\/IMG_4840-400x533.jpeg 400w, https:\/\/www.college-wallon-ivry.fr\/wp-content\/uploads\/2021\/09\/IMG_4840.jpeg 480w\" sizes=\"(max-width: 225px) 100vw, 225px\" alt=\"\" \t\tclass=\"so-widget-image\"\/>\n\t\t\t<\/a><\/div>\n\n<\/div><\/div><\/div><div id=\"pgc-12652-1-3\"  class=\"panel-grid-cell\" ><div id=\"panel-12652-1-3-0\" class=\"so-panel widget widget_sow-image panel-first-child panel-last-child\" data-index=\"4\" ><div\n\t\t\t\n\t\t\tclass=\"so-widget-sow-image so-widget-sow-image-default-c67d20f9f743-12652\"\n\t\t\t\n\t\t>\n<div class=\"sow-image-container\">\n\t\t\t<a href=\"http:\/\/www.college-wallon-ivry.fr\/wp-content\/uploads\/2021\/09\/IMG_4829.jpeg\"\n\t\t\ttarget=\"_blank\" rel=\"noopener noreferrer\" \t\t>\n\t\t\t<img \n\tsrc=\"https:\/\/www.college-wallon-ivry.fr\/wp-content\/uploads\/2021\/09\/IMG_4829-225x300.jpeg\" width=\"225\" height=\"300\" srcset=\"https:\/\/www.college-wallon-ivry.fr\/wp-content\/uploads\/2021\/09\/IMG_4829-225x300.jpeg 225w, https:\/\/www.college-wallon-ivry.fr\/wp-content\/uploads\/2021\/09\/IMG_4829-400x533.jpeg 400w, https:\/\/www.college-wallon-ivry.fr\/wp-content\/uploads\/2021\/09\/IMG_4829.jpeg 480w\" sizes=\"(max-width: 225px) 100vw, 225px\" alt=\"\" \t\tclass=\"so-widget-image\"\/>\n\t\t\t<\/a><\/div>\n\n<\/div><\/div><\/div><\/div><div id=\"pg-12652-2\"  class=\"panel-grid panel-no-style\" ><div id=\"pgc-12652-2-0\"  class=\"panel-grid-cell\" ><div id=\"panel-12652-2-0-0\" class=\"so-panel widget widget_sow-editor panel-first-child panel-last-child\" data-index=\"5\" ><div\n\t\t\t\n\t\t\tclass=\"so-widget-sow-editor so-widget-sow-editor-base\"\n\t\t\t\n\t\t>\n<div class=\"siteorigin-widget-tinymce textwidget\">\n\t<p>La rando a ensuite pris la direction du boulevard Vincent Auriol o\u00f9 se concentre la majorit\u00e9 des fresques command\u00e9s par la mairie pour embellir les fa\u00e7ades d'immeubles se dressant dans ce quartier.<\/p>\n<\/div>\n<\/div><\/div><\/div><\/div><div id=\"pg-12652-3\"  class=\"panel-grid panel-no-style\" ><div id=\"pgc-12652-3-0\"  class=\"panel-grid-cell\" ><div id=\"panel-12652-3-0-0\" class=\"so-panel widget widget_sow-image panel-first-child panel-last-child\" data-index=\"6\" ><div\n\t\t\t\n\t\t\tclass=\"so-widget-sow-image so-widget-sow-image-default-c67d20f9f743-12652\"\n\t\t\t\n\t\t>\n<div class=\"sow-image-container\">\n\t\t\t<a href=\"http:\/\/www.college-wallon-ivry.fr\/wp-content\/uploads\/2021\/09\/IMG_4850.jpeg\"\n\t\t\ttarget=\"_blank\" rel=\"noopener noreferrer\" \t\t>\n\t\t\t<img \n\tsrc=\"https:\/\/www.college-wallon-ivry.fr\/wp-content\/uploads\/2021\/09\/IMG_4850-225x300.jpeg\" width=\"225\" height=\"300\" srcset=\"https:\/\/www.college-wallon-ivry.fr\/wp-content\/uploads\/2021\/09\/IMG_4850-225x300.jpeg 225w, https:\/\/www.college-wallon-ivry.fr\/wp-content\/uploads\/2021\/09\/IMG_4850-400x533.jpeg 400w, https:\/\/www.college-wallon-ivry.fr\/wp-content\/uploads\/2021\/09\/IMG_4850.jpeg 480w\" sizes=\"(max-width: 225px) 100vw, 225px\" alt=\"\" \t\tclass=\"so-widget-image\"\/>\n\t\t\t<\/a><\/div>\n\n<\/div><\/div><\/div><div id=\"pgc-12652-3-1\"  class=\"panel-grid-cell\" ><div id=\"panel-12652-3-1-0\" class=\"so-panel widget widget_sow-image panel-first-child panel-last-child\" data-index=\"7\" ><div\n\t\t\t\n\t\t\tclass=\"so-widget-sow-image so-widget-sow-image-default-c67d20f9f743-12652\"\n\t\t\t\n\t\t>\n<div class=\"sow-image-container\">\n\t\t\t<a href=\"http:\/\/www.college-wallon-ivry.fr\/wp-content\/uploads\/2021\/09\/IMG_4850.jpeg\"\n\t\t\ttarget=\"_blank\" rel=\"noopener noreferrer\" \t\t>\n\t\t\t<img \n\tsrc=\"https:\/\/www.college-wallon-ivry.fr\/wp-content\/uploads\/2021\/09\/IMG_4846-225x300.jpeg\" width=\"225\" height=\"300\" srcset=\"https:\/\/www.college-wallon-ivry.fr\/wp-content\/uploads\/2021\/09\/IMG_4846-225x300.jpeg 225w, https:\/\/www.college-wallon-ivry.fr\/wp-content\/uploads\/2021\/09\/IMG_4846-400x533.jpeg 400w, https:\/\/www.college-wallon-ivry.fr\/wp-content\/uploads\/2021\/09\/IMG_4846.jpeg 480w\" sizes=\"(max-width: 225px) 100vw, 225px\" alt=\"\" \t\tclass=\"so-widget-image\"\/>\n\t\t\t<\/a><\/div>\n\n<\/div><\/div><\/div><\/div><div id=\"pg-12652-4\"  class=\"panel-grid panel-no-style\" ><div id=\"pgc-12652-4-0\"  class=\"panel-grid-cell\" ><div id=\"panel-12652-4-0-0\" class=\"so-panel widget widget_sow-editor panel-first-child panel-last-child\" data-index=\"8\" ><div\n\t\t\t\n\t\t\tclass=\"so-widget-sow-editor so-widget-sow-editor-base\"\n\t\t\t\n\t\t>\n<div class=\"siteorigin-widget-tinymce textwidget\">\n\t<p>Apr\u00e8s l'effort le r\u00e9confort ! Une pause d\u00e9jeuner bien m\u00e9rit\u00e9e au Parc de Choisy a permis aux \u00e9l\u00e8ves de se d\u00e9tendre et de reprendre des forces pour participer aux jeux qui ont anim\u00e9 le d\u00e9but d'apr\u00e8s-midi.<br \/>\nEnfin tout le monde est rentr\u00e9 au coll\u00e8ge et s'est souhait\u00e9 bon week-end avec un grand sourire!<\/p>\n<\/div>\n<\/div><\/div><\/div><\/div><\/div><h3>Images li\u00e9es:<\/h3>","protected":false},"excerpt":{"rendered":"<p>Les classes de 5\u00e8me3 et 5\u00e8me6 ont eu le plaisir de profiter du beau temps en ext\u00e9rieur ce vendredi 24 septembre. Les \u00e9l\u00e8ves et leurs professeurs avaient chauss\u00e9 leurs baskets pour entreprendre une \u00ab\u00a0rando street-art\u00a0\u00bb dans le 13\u00e8me arrondissement de Paris. La premi\u00e8re \u00e9tape a \u00e9t\u00e9 le \u00ab\u00a0Spot 13\u00a0\u00bb, un lieu ouvert \u00e0 tous, permettant [&hellip;]<\/p>\n","protected":false},"author":1,"featured_media":12658,"comment_status":"closed","ping_status":"closed","sticky":false,"template":"","format":"standard","meta":{"ngg_post_thumbnail":0,"footnotes":""},"categories":[70],"tags":[],"class_list":{"0":"post-12652","1":"post","2":"type-post","3":"status-publish","4":"format-standard","5":"has-post-thumbnail","7":"category-art","8":"czr-hentry"},"_links":{"self":[{"href":"https:\/\/www.college-wallon-ivry.fr\/index.php\/wp-json\/wp\/v2\/posts\/12652","targetHints":{"allow":["GET"]}}],"collection":[{"href":"https:\/\/www.college-wallon-ivry.fr\/index.php\/wp-json\/wp\/v2\/posts"}],"about":[{"href":"https:\/\/www.college-wallon-ivry.fr\/index.php\/wp-json\/wp\/v2\/types\/post"}],"author":[{"embeddable":true,"href":"https:\/\/www.college-wallon-ivry.fr\/index.php\/wp-json\/wp\/v2\/users\/1"}],"replies":[{"embeddable":true,"href":"https:\/\/www.college-wallon-ivry.fr\/index.php\/wp-json\/wp\/v2\/comments?post=12652"}],"version-history":[{"count":3,"href":"https:\/\/www.college-wallon-ivry.fr\/index.php\/wp-json\/wp\/v2\/posts\/12652\/revisions"}],"predecessor-version":[{"id":12661,"href":"https:\/\/www.college-wallon-ivry.fr\/index.php\/wp-json\/wp\/v2\/posts\/12652\/revisions\/12661"}],"wp:featuredmedia":[{"embeddable":true,"href":"https:\/\/www.college-wallon-ivry.fr\/index.php\/wp-json\/wp\/v2\/media\/12658"}],"wp:attachment":[{"href":"https:\/\/www.college-wallon-ivry.fr\/index.php\/wp-json\/wp\/v2\/media?parent=12652"}],"wp:term":[{"taxonomy":"category","embeddable":true,"href":"https:\/\/www.college-wallon-ivry.fr\/index.php\/wp-json\/wp\/v2\/categories?post=12652"},{"taxonomy":"post_tag","embeddable":true,"href":"https:\/\/www.college-wallon-ivry.fr\/index.php\/wp-json\/wp\/v2\/tags?post=12652"}],"curies":[{"name":"wp","href":"https:\/\/api.w.org\/{rel}","templated":true}]}}