{"id":13191,"date":"2022-07-07T19:44:40","date_gmt":"2022-07-07T17:44:40","guid":{"rendered":"http:\/\/www.college-wallon-ivry.fr\/?p=13191"},"modified":"2022-09-03T16:28:00","modified_gmt":"2022-09-03T14:28:00","slug":"dates-importantes-rentree-2022-2023","status":"publish","type":"post","link":"https:\/\/www.college-wallon-ivry.fr\/index.php\/2022\/07\/07\/dates-importantes-rentree-2022-2023\/","title":{"rendered":"Ann\u00e9e scolaire 2022\/2023 : dates importantes"},"content":{"rendered":"<div id=\"pl-13191\"  class=\"panel-layout\" ><div id=\"pg-13191-0\"  class=\"panel-grid panel-no-style\" ><div id=\"pgc-13191-0-0\"  class=\"panel-grid-cell\" ><div id=\"panel-13191-0-0-0\" class=\"so-panel widget widget_sow-editor panel-first-child panel-last-child\" data-index=\"0\" ><div\n\t\t\t\n\t\t\tclass=\"so-widget-sow-editor so-widget-sow-editor-base\"\n\t\t\t\n\t\t>\n<div class=\"siteorigin-widget-tinymce textwidget\">\n\t<p align=\"left\">&nbsp;<\/p>\n<p>Voici les dates importantes concernant la rentr\u00e9e scolaire ainsi que l'\u00e9ch\u00e9ancier pr\u00e9vu pour cette ann\u00e9e 2022\/2023<\/p>\n<p>- Rentr\u00e9e des \u00e9l\u00e8ves de 6\u00e8me&nbsp;:<span style=\"color: #0088cc;\">Jeudi 1<sup>er<\/sup> septembre<\/span> (l'horaire est pr\u00e9cis\u00e9 ci-dessous)<br \/>\n- Rentr\u00e9e des \u00e9l\u00e8ves de 5\u00e8me, 4\u00e8me et 3\u00e8me (pas de cours pour les 6\u00e8me) : <span style=\"color: #0088cc;\">Vendredi 2 septembre<\/span> (les horaires sont pr\u00e9cis\u00e9s ci-dessous)<br \/>\n- R\u00e9union de rentr\u00e9e parents-profs : <span style=\"color: #0088cc;\">Jeudi 8 septembre \u00e0 18h00<\/span><\/p>\n<p><span style=\"color: #000000;\"><strong>Attention particuli\u00e8rement aux dates du stage d\u2019observation des \u00e9l\u00e8ves de 3\u00e8me : <\/strong><\/span><span style=\"color: #0088cc;\">du lundi 21 novembre au vendredi 25 novembre<\/span><\/p>\n<\/div>\n<\/div><\/div><\/div><\/div><div id=\"pg-13191-1\"  class=\"panel-grid panel-no-style\" ><div id=\"pgc-13191-1-0\"  class=\"panel-grid-cell\" ><div id=\"panel-13191-1-0-0\" class=\"so-panel widget widget_sow-button panel-first-child\" data-index=\"1\" ><div\n\t\t\t\n\t\t\tclass=\"so-widget-sow-button so-widget-sow-button-wire-fa5e1085cd76-13191\"\n\t\t\t\n\t\t><div class=\"ow-button-base ow-button-align-center\"\n>\n\t\t\t<a\n\t\t\t\t\thref=\"http:\/\/www.college-wallon-ivry.fr\/wp-content\/uploads\/2022\/07\/Rentree-des-eleves-horaires.pdf\"\n\t\t\t\t\tclass=\"sowb-button ow-icon-placement-left ow-button-hover\" \t>\n\t\t<span>\n\t\t\t\n\t\t\tHoraires de rentr\u00e9e\t\t<\/span>\n\t\t\t<\/a>\n\t<\/div>\n<\/div><\/div><div id=\"panel-13191-1-0-1\" class=\"so-panel widget widget_sow-image panel-last-child\" data-index=\"2\" ><div\n\t\t\t\n\t\t\tclass=\"so-widget-sow-image so-widget-sow-image-default-89f16426b92c-13191\"\n\t\t\t\n\t\t><h3 class=\"widget-title\">Cliquez pour voir en entier<\/h3>\n<div class=\"sow-image-container\">\n\t\t\t<a href=\"http:\/\/www.college-wallon-ivry.fr\/wp-content\/uploads\/2022\/07\/Rentree-des-eleves-horaires.pdf\"\n\t\t\ttarget=\"_blank\" rel=\"noopener noreferrer\" \t\t>\n\t\t\t<img \n\tsrc=\"https:\/\/www.college-wallon-ivry.fr\/wp-content\/uploads\/2022\/07\/Rentree-des-eleves-horaires-pdf.jpg\" width=\"1058\" height=\"1497\" sizes=\"(max-width: 1058px) 100vw, 1058px\" title=\"Cliquez pour voir en entier\" alt=\"\" \t\tclass=\"so-widget-image\"\/>\n\t\t\t<\/a><\/div>\n\n<\/div><\/div><\/div><div id=\"pgc-13191-1-1\"  class=\"panel-grid-cell\" ><div id=\"panel-13191-1-1-0\" class=\"so-panel widget widget_sow-button panel-first-child\" data-index=\"3\" ><div\n\t\t\t\n\t\t\tclass=\"so-widget-sow-button so-widget-sow-button-wire-fa5e1085cd76-13191\"\n\t\t\t\n\t\t><div class=\"ow-button-base ow-button-align-center\"\n>\n\t\t\t<a\n\t\t\t\t\thref=\"http:\/\/www.college-wallon-ivry.fr\/wp-content\/uploads\/2022\/07\/echeancier-wallon-2022-2023.pdf\"\n\t\t\t\t\tclass=\"sowb-button ow-icon-placement-left ow-button-hover\" \t>\n\t\t<span>\n\t\t\t\n\t\t\tDates importantes\t\t<\/span>\n\t\t\t<\/a>\n\t<\/div>\n<\/div><\/div><div id=\"panel-13191-1-1-1\" class=\"so-panel widget widget_sow-image panel-last-child\" data-index=\"4\" ><div\n\t\t\t\n\t\t\tclass=\"so-widget-sow-image so-widget-sow-image-default-89f16426b92c-13191\"\n\t\t\t\n\t\t><h3 class=\"widget-title\">Cliquez pour voir en entier<\/h3>\n<div class=\"sow-image-container\">\n\t\t\t<a href=\"http:\/\/www.college-wallon-ivry.fr\/wp-content\/uploads\/2022\/07\/echeancier-wallon-2022-2023.pdf\"\n\t\t\ttarget=\"_blank\" rel=\"noopener noreferrer\" \t\t>\n\t\t\t<img \n\tsrc=\"https:\/\/www.college-wallon-ivry.fr\/wp-content\/uploads\/2022\/07\/echeancier-wallon-2022-2023-pdf.jpg\" width=\"1058\" height=\"1497\" sizes=\"(max-width: 1058px) 100vw, 1058px\" title=\"Cliquez pour voir en entier\" alt=\"\" \t\tclass=\"so-widget-image\"\/>\n\t\t\t<\/a><\/div>\n\n<\/div><\/div><\/div><\/div><\/div><h3>Images li\u00e9es:<\/h3>","protected":false},"excerpt":{"rendered":"<p>&nbsp; Voici les dates importantes concernant la rentr\u00e9e scolaire ainsi que l&rsquo;\u00e9ch\u00e9ancier pr\u00e9vu pour cette ann\u00e9e 2022\/2023 &#8211; Rentr\u00e9e des \u00e9l\u00e8ves de 6\u00e8me&nbsp;:Jeudi 1er septembre (l&rsquo;horaire est pr\u00e9cis\u00e9 ci-dessous) &#8211; Rentr\u00e9e des \u00e9l\u00e8ves de 5\u00e8me, 4\u00e8me et 3\u00e8me (pas de cours pour les 6\u00e8me) : Vendredi 2 septembre (les horaires sont pr\u00e9cis\u00e9s ci-dessous) &#8211; R\u00e9union [&hellip;]<\/p>\n","protected":false},"author":1,"featured_media":13197,"comment_status":"closed","ping_status":"closed","sticky":true,"template":"","format":"standard","meta":{"ngg_post_thumbnail":0,"footnotes":""},"categories":[49,17],"tags":[],"class_list":{"0":"post-13191","1":"post","2":"type-post","3":"status-publish","4":"format-standard","5":"has-post-thumbnail","7":"category-action","8":"category-dates-importantes","9":"czr-hentry"},"_links":{"self":[{"href":"https:\/\/www.college-wallon-ivry.fr\/index.php\/wp-json\/wp\/v2\/posts\/13191","targetHints":{"allow":["GET"]}}],"collection":[{"href":"https:\/\/www.college-wallon-ivry.fr\/index.php\/wp-json\/wp\/v2\/posts"}],"about":[{"href":"https:\/\/www.college-wallon-ivry.fr\/index.php\/wp-json\/wp\/v2\/types\/post"}],"author":[{"embeddable":true,"href":"https:\/\/www.college-wallon-ivry.fr\/index.php\/wp-json\/wp\/v2\/users\/1"}],"replies":[{"embeddable":true,"href":"https:\/\/www.college-wallon-ivry.fr\/index.php\/wp-json\/wp\/v2\/comments?post=13191"}],"version-history":[{"count":22,"href":"https:\/\/www.college-wallon-ivry.fr\/index.php\/wp-json\/wp\/v2\/posts\/13191\/revisions"}],"predecessor-version":[{"id":13229,"href":"https:\/\/www.college-wallon-ivry.fr\/index.php\/wp-json\/wp\/v2\/posts\/13191\/revisions\/13229"}],"wp:featuredmedia":[{"embeddable":true,"href":"https:\/\/www.college-wallon-ivry.fr\/index.php\/wp-json\/wp\/v2\/media\/13197"}],"wp:attachment":[{"href":"https:\/\/www.college-wallon-ivry.fr\/index.php\/wp-json\/wp\/v2\/media?parent=13191"}],"wp:term":[{"taxonomy":"category","embeddable":true,"href":"https:\/\/www.college-wallon-ivry.fr\/index.php\/wp-json\/wp\/v2\/categories?post=13191"},{"taxonomy":"post_tag","embeddable":true,"href":"https:\/\/www.college-wallon-ivry.fr\/index.php\/wp-json\/wp\/v2\/tags?post=13191"}],"curies":[{"name":"wp","href":"https:\/\/api.w.org\/{rel}","templated":true}]}}