{"id":4972,"date":"2018-11-01T19:27:47","date_gmt":"2018-11-01T18:27:47","guid":{"rendered":"http:\/\/www.college-wallon-ivry.fr\/?p=4972"},"modified":"2019-01-24T11:43:25","modified_gmt":"2019-01-24T10:43:25","slug":"4972","status":"publish","type":"post","link":"https:\/\/www.college-wallon-ivry.fr\/index.php\/2018\/11\/01\/4972\/","title":{"rendered":"Rencontre avec Colette Zeif"},"content":{"rendered":"<div id=\"pl-4972\"  class=\"panel-layout\" ><div id=\"pg-4972-0\"  class=\"panel-grid panel-no-style\" ><div id=\"pgc-4972-0-0\"  class=\"panel-grid-cell\" ><div id=\"panel-4972-0-0-0\" class=\"so-panel widget widget_sow-editor panel-first-child panel-last-child\" data-index=\"0\" ><div\n\t\t\t\n\t\t\tclass=\"so-widget-sow-editor so-widget-sow-editor-base\"\n\t\t\t\n\t\t>\n<div class=\"siteorigin-widget-tinymce textwidget\">\n\t<div id=\"pg-2284-0\" class=\"panel-grid panel-no-style\">\n<div id=\"pgc-2284-0-0\" class=\"panel-grid-cell\">\n<div id=\"panel-2284-0-0-0\" class=\"so-panel widget widget_sow-editor panel-first-child panel-last-child\" data-index=\"0\">\n<div class=\"so-widget-sow-editor so-widget-sow-editor-base\">\n<div class=\"siteorigin-widget-tinymce textwidget\">\n<p>Colette Zeif nous a fait l\u2019honneur de faire un t\u00e9moignage sur son enfance d\u2019enfant juive cach\u00e9e pendant la guerre 39-45. Ses deux parents sont morts dans le camp de concentration d\u2019Auschwitz. Sa m\u00e8re a \u00e9t\u00e9 arr\u00eat\u00e9e lors de la rafle du Vel d\u2019hiv en juillet 1942.<\/p>\n<p>&nbsp;<\/p>\n<\/div>\n<\/div>\n<\/div>\n<\/div>\n<\/div>\n<\/div>\n<\/div><\/div><\/div><div id=\"pgc-4972-0-1\"  class=\"panel-grid-cell\" ><div id=\"panel-4972-0-1-0\" class=\"so-panel widget widget_sow-image panel-first-child panel-last-child\" data-index=\"1\" ><div\n\t\t\t\n\t\t\tclass=\"so-widget-sow-image so-widget-sow-image-default-c67d20f9f743-4972\"\n\t\t\t\n\t\t>\n<div class=\"sow-image-container\">\n\t\t\t<a href=\"http:\/\/www.college-wallon-ivry.fr\/wp-content\/uploads\/2018\/11\/P1260862.jpg\"\n\t\t\t\t\t>\n\t\t\t<img \n\tsrc=\"https:\/\/www.college-wallon-ivry.fr\/wp-content\/uploads\/2018\/11\/P1260862-300x225.jpg\" width=\"300\" height=\"225\" srcset=\"https:\/\/www.college-wallon-ivry.fr\/wp-content\/uploads\/2018\/11\/P1260862-300x225.jpg 300w, https:\/\/www.college-wallon-ivry.fr\/wp-content\/uploads\/2018\/11\/P1260862-768x577.jpg 768w, https:\/\/www.college-wallon-ivry.fr\/wp-content\/uploads\/2018\/11\/P1260862-1024x769.jpg 1024w, https:\/\/www.college-wallon-ivry.fr\/wp-content\/uploads\/2018\/11\/P1260862-400x300.jpg 400w\" sizes=\"(max-width: 300px) 100vw, 300px\" alt=\"\" \t\tclass=\"so-widget-image\"\/>\n\t\t\t<\/a><\/div>\n\n<\/div><\/div><\/div><\/div><div id=\"pg-4972-1\"  class=\"panel-grid panel-no-style\" ><div id=\"pgc-4972-1-0\"  class=\"panel-grid-cell\" ><div id=\"panel-4972-1-0-0\" class=\"so-panel widget widget_sow-image panel-first-child panel-last-child\" data-index=\"2\" ><div\n\t\t\t\n\t\t\tclass=\"so-widget-sow-image so-widget-sow-image-default-c67d20f9f743-4972\"\n\t\t\t\n\t\t>\n<div class=\"sow-image-container\">\n\t\t\t<a href=\"http:\/\/www.college-wallon-ivry.fr\/wp-content\/uploads\/2018\/11\/P1260812.jpg\"\n\t\t\t\t\t>\n\t\t\t<img \n\tsrc=\"https:\/\/www.college-wallon-ivry.fr\/wp-content\/uploads\/2018\/11\/P1260812-300x225.jpg\" width=\"300\" height=\"225\" srcset=\"https:\/\/www.college-wallon-ivry.fr\/wp-content\/uploads\/2018\/11\/P1260812-300x225.jpg 300w, https:\/\/www.college-wallon-ivry.fr\/wp-content\/uploads\/2018\/11\/P1260812-768x577.jpg 768w, https:\/\/www.college-wallon-ivry.fr\/wp-content\/uploads\/2018\/11\/P1260812-1024x769.jpg 1024w, https:\/\/www.college-wallon-ivry.fr\/wp-content\/uploads\/2018\/11\/P1260812-400x300.jpg 400w\" sizes=\"(max-width: 300px) 100vw, 300px\" alt=\"\" \t\tclass=\"so-widget-image\"\/>\n\t\t\t<\/a><\/div>\n\n<\/div><\/div><\/div><div id=\"pgc-4972-1-1\"  class=\"panel-grid-cell\" ><div id=\"panel-4972-1-1-0\" class=\"so-panel widget widget_sow-editor panel-first-child panel-last-child\" data-index=\"3\" ><div\n\t\t\t\n\t\t\tclass=\"so-widget-sow-editor so-widget-sow-editor-base\"\n\t\t\t\n\t\t>\n<div class=\"siteorigin-widget-tinymce textwidget\">\n\t<p>Elle a racont\u00e9 \u00e0 la classe de 3<sup>\u00e8me<\/sup> 3 cette p\u00e9riode douloureuse et a pr\u00e9sent\u00e9 aux \u00e9l\u00e8ves de nombreux documents notamment ses deux ouvrages autobiographiques <em>La Grande s\u2019occupera de la petite<\/em> et <em>Ne dis pas ton nom et cache-toi<\/em>.<\/p>\n<\/div>\n<\/div><\/div><\/div><\/div><div id=\"pg-4972-2\"  class=\"panel-grid panel-no-style\" ><div id=\"pgc-4972-2-0\"  class=\"panel-grid-cell\" ><div id=\"panel-4972-2-0-0\" class=\"so-panel widget widget_sow-editor panel-first-child panel-last-child\" data-index=\"4\" ><div\n\t\t\t\n\t\t\tclass=\"so-widget-sow-editor so-widget-sow-editor-base\"\n\t\t\t\n\t\t>\n<div class=\"siteorigin-widget-tinymce textwidget\">\n\t<p>Ce t\u00e9moignage a \u00e9t\u00e9 un moment tr\u00e8s fort pour les \u00e9l\u00e8ves. Nous remercions vivement Colette Zeif d\u2019\u00eatre venue nous rencontrer.<\/p>\n<\/div>\n<\/div><\/div><\/div><\/div><div id=\"pg-4972-3\"  class=\"panel-grid panel-no-style\" ><div id=\"pgc-4972-3-0\"  class=\"panel-grid-cell\" ><div id=\"panel-4972-3-0-0\" class=\"so-panel widget widget_sow-editor panel-first-child panel-last-child\" data-index=\"5\" ><div\n\t\t\t\n\t\t\tclass=\"so-widget-sow-editor so-widget-sow-editor-base\"\n\t\t\t\n\t\t>\n<div class=\"siteorigin-widget-tinymce textwidget\">\n\t<p>Les photos<\/p>\nngg_shortcode_0_placeholder\n<\/div>\n<\/div><\/div><\/div><\/div><\/div><h3>Images li\u00e9es:<\/h3>","protected":false},"excerpt":{"rendered":"<p>Colette Zeif nous a fait l\u2019honneur de faire un t\u00e9moignage sur son enfance d\u2019enfant juive cach\u00e9e pendant la guerre 39-45. Ses deux parents sont morts dans le camp de concentration d\u2019Auschwitz. Sa m\u00e8re a \u00e9t\u00e9 arr\u00eat\u00e9e lors de la rafle du Vel d\u2019hiv en juillet 1942. &nbsp; Elle a racont\u00e9 \u00e0 la classe de 3\u00e8me [&hellip;]<\/p>\n","protected":false},"author":1,"featured_media":5329,"comment_status":"open","ping_status":"open","sticky":false,"template":"","format":"standard","meta":{"ngg_post_thumbnail":0,"footnotes":""},"categories":[49,22,15],"tags":[59],"class_list":{"0":"post-4972","1":"post","2":"type-post","3":"status-publish","4":"format-standard","5":"has-post-thumbnail","7":"category-action","8":"category-histoire","9":"category-projet","10":"tag-sidebar","11":"czr-hentry"},"_links":{"self":[{"href":"https:\/\/www.college-wallon-ivry.fr\/index.php\/wp-json\/wp\/v2\/posts\/4972","targetHints":{"allow":["GET"]}}],"collection":[{"href":"https:\/\/www.college-wallon-ivry.fr\/index.php\/wp-json\/wp\/v2\/posts"}],"about":[{"href":"https:\/\/www.college-wallon-ivry.fr\/index.php\/wp-json\/wp\/v2\/types\/post"}],"author":[{"embeddable":true,"href":"https:\/\/www.college-wallon-ivry.fr\/index.php\/wp-json\/wp\/v2\/users\/1"}],"replies":[{"embeddable":true,"href":"https:\/\/www.college-wallon-ivry.fr\/index.php\/wp-json\/wp\/v2\/comments?post=4972"}],"version-history":[{"count":22,"href":"https:\/\/www.college-wallon-ivry.fr\/index.php\/wp-json\/wp\/v2\/posts\/4972\/revisions"}],"predecessor-version":[{"id":5339,"href":"https:\/\/www.college-wallon-ivry.fr\/index.php\/wp-json\/wp\/v2\/posts\/4972\/revisions\/5339"}],"wp:featuredmedia":[{"embeddable":true,"href":"https:\/\/www.college-wallon-ivry.fr\/index.php\/wp-json\/wp\/v2\/media\/5329"}],"wp:attachment":[{"href":"https:\/\/www.college-wallon-ivry.fr\/index.php\/wp-json\/wp\/v2\/media?parent=4972"}],"wp:term":[{"taxonomy":"category","embeddable":true,"href":"https:\/\/www.college-wallon-ivry.fr\/index.php\/wp-json\/wp\/v2\/categories?post=4972"},{"taxonomy":"post_tag","embeddable":true,"href":"https:\/\/www.college-wallon-ivry.fr\/index.php\/wp-json\/wp\/v2\/tags?post=4972"}],"curies":[{"name":"wp","href":"https:\/\/api.w.org\/{rel}","templated":true}]}}