{"id":6497,"date":"2019-03-31T21:11:52","date_gmt":"2019-03-31T19:11:52","guid":{"rendered":"http:\/\/www.college-wallon-ivry.fr\/?p=6497"},"modified":"2019-05-27T23:34:05","modified_gmt":"2019-05-27T21:34:05","slug":"as-danse-en-competition-departementale-unss","status":"publish","type":"post","link":"https:\/\/www.college-wallon-ivry.fr\/index.php\/2019\/03\/31\/as-danse-en-competition-departementale-unss\/","title":{"rendered":"AS danse en comp\u00e9tition d\u00e9partementale UNSS"},"content":{"rendered":"<div id=\"pl-6497\"  class=\"panel-layout\" ><div id=\"pg-6497-0\"  class=\"panel-grid panel-no-style\" ><div id=\"pgc-6497-0-0\"  class=\"panel-grid-cell\" ><div id=\"panel-6497-0-0-0\" class=\"so-panel widget widget_sow-editor panel-first-child panel-last-child\" data-index=\"0\" ><div\n\t\t\t\n\t\t\tclass=\"so-widget-sow-editor so-widget-sow-editor-base\"\n\t\t\t\n\t\t>\n<div class=\"siteorigin-widget-tinymce textwidget\">\n\t<p>Mercredi 27 mars les 26 \u00e9l\u00e8ves de l'AS danse participaient \u00e0 la comp\u00e9tition d\u00e9partementale UNSS au centre culturel Aragon Triolet \u00e0 Orly. Les \u00e9l\u00e8ves s'\u00e9taient longuement pr\u00e9par\u00e9s et s\u00e9rieusement entra\u00een\u00e9s pour cette \u00e9ch\u00e9ance tr\u00e8s importante pour eux.<\/p>\n<\/div>\n<\/div><\/div><\/div><\/div><div id=\"pg-6497-1\"  class=\"panel-grid panel-no-style\" ><div id=\"pgc-6497-1-0\"  class=\"panel-grid-cell\" ><div id=\"panel-6497-1-0-0\" class=\"so-panel widget widget_sow-editor panel-first-child panel-last-child\" data-index=\"1\" ><div\n\t\t\t\n\t\t\tclass=\"so-widget-sow-editor so-widget-sow-editor-base\"\n\t\t\t\n\t\t>\n<div class=\"siteorigin-widget-tinymce textwidget\">\n\t<div>Deux groupes ont eu la chance de danser sur une superbe sc\u00e8ne avec des \u00e9clairages et du son de grande qualit\u00e9.<\/div>\n<div>&nbsp;<\/div>\n<div>Le premier a dans\u00e9 sur le th\u00e8me de l'esclavage, la chor\u00e9graphie s'intitulait \"I have a dream\";<\/div>\n<div>Le deuxi\u00e8me groupe a dans\u00e9 sur le th\u00e8me du film d'horreur et la chor\u00e9graphie s'intitulait \"L'\u00e9cran mal\u00e9fique\".<\/div>\n<div>Tout \u00e9tait pr\u00e9vu pour que le spectacle soit total : costumes, d\u00e9cors, accessoires, maquillage.<\/div>\n<\/div>\n<\/div><\/div><\/div><div id=\"pgc-6497-1-1\"  class=\"panel-grid-cell\" ><div id=\"panel-6497-1-1-0\" class=\"so-panel widget widget_sow-editor panel-first-child panel-last-child\" data-index=\"2\" ><div\n\t\t\t\n\t\t\tclass=\"so-widget-sow-editor so-widget-sow-editor-base\"\n\t\t\t\n\t\t>\n<div class=\"siteorigin-widget-tinymce textwidget\">\n\t<style type=\"text\/css\">.easingslider-6513 { max-width: 640px; }.easingslider-6513 .easingslider-image { max-height: 400px; max-width: 640px; }.easingslider-6513 .easingslider-fade-in, .easingslider-fade-out { -webkit-animation-duration: 400ms; -moz-animation-duration: 400ms; animation-duration: 400ms; }<\/style><script type=\"text\/javascript\">window.EasingSlider6513 = {\"width\":640,\"height\":400,\"singleItem\":true,\"items\":1,\"itemsDesktop\":false,\"itemsDesktopSmall\":false,\"itemsTablet\":false,\"itemsTabletSmall\":false,\"itemsMobile\":false,\"responsive\":true,\"lazyLoad\":true,\"autoPlay\":4000,\"slideSpeed\":400,\"navigation\":true,\"navigationText\":[\"\",\"\"],\"pagination\":true,\"autoHeight\":false,\"mouseDrag\":false,\"touchDrag\":false,\"addClassActive\":true,\"transitionStyle\":\"fade\"};<\/script><div data-id=\"6513\" class=\"easingslider easingslider-6513 easingslider-container easingslider-resizing-enabled easingslider-aspect-ratio easingslider-arrows-inside easingslider-pagination-inside easingslider-pagination-bottom-center\"><div class=\"easingslider-slide\"><img decoding=\"async\" src=\"https:\/\/www.college-wallon-ivry.fr\/wp-content\/plugins\/easing-slider\/assets\/images\/placeholder-pixel.png\" data-src=\"https:\/\/www.college-wallon-ivry.fr\/wp-content\/uploads\/2019\/03\/IMG-20190327-WA0037-640x400.jpg\" alt=\"\" title=\"\" class=\"easingslider-image easingslider-lazy\" \/><\/div><div class=\"easingslider-slide\"><img decoding=\"async\" src=\"https:\/\/www.college-wallon-ivry.fr\/wp-content\/plugins\/easing-slider\/assets\/images\/placeholder-pixel.png\" data-src=\"https:\/\/www.college-wallon-ivry.fr\/wp-content\/uploads\/2019\/03\/55788309_2275431615813406_440083879819214848_n-640x400.jpg\" alt=\"\" title=\"\" class=\"easingslider-image easingslider-lazy\" \/><\/div><div class=\"easingslider-slide\"><img decoding=\"async\" src=\"https:\/\/www.college-wallon-ivry.fr\/wp-content\/plugins\/easing-slider\/assets\/images\/placeholder-pixel.png\" data-src=\"https:\/\/www.college-wallon-ivry.fr\/wp-content\/uploads\/2019\/03\/56158309_2275432542479980_7173098359350099968_n-640x400.jpg\" alt=\"\" title=\"\" class=\"easingslider-image easingslider-lazy\" \/><\/div><div class=\"easingslider-slide\"><img decoding=\"async\" src=\"https:\/\/www.college-wallon-ivry.fr\/wp-content\/plugins\/easing-slider\/assets\/images\/placeholder-pixel.png\" data-src=\"https:\/\/www.college-wallon-ivry.fr\/wp-content\/uploads\/2019\/03\/IMG-20190327-WA0002-640x400.jpg\" alt=\"\" title=\"\" class=\"easingslider-image easingslider-lazy\" \/><\/div><div class=\"easingslider-slide\"><img decoding=\"async\" src=\"https:\/\/www.college-wallon-ivry.fr\/wp-content\/plugins\/easing-slider\/assets\/images\/placeholder-pixel.png\" data-src=\"https:\/\/www.college-wallon-ivry.fr\/wp-content\/uploads\/2019\/03\/IMG-20190327-WA0006-640x400.jpg\" alt=\"\" title=\"\" class=\"easingslider-image easingslider-lazy\" \/><\/div><div class=\"easingslider-slide\"><img decoding=\"async\" src=\"https:\/\/www.college-wallon-ivry.fr\/wp-content\/plugins\/easing-slider\/assets\/images\/placeholder-pixel.png\" data-src=\"https:\/\/www.college-wallon-ivry.fr\/wp-content\/uploads\/2019\/03\/IMG-20190327-WA0007-640x400.jpg\" alt=\"\" title=\"\" class=\"easingslider-image easingslider-lazy\" \/><\/div><div class=\"easingslider-slide\"><img decoding=\"async\" src=\"https:\/\/www.college-wallon-ivry.fr\/wp-content\/plugins\/easing-slider\/assets\/images\/placeholder-pixel.png\" data-src=\"https:\/\/www.college-wallon-ivry.fr\/wp-content\/uploads\/2019\/03\/IMG-20190327-WA0010-640x400.jpg\" alt=\"\" title=\"\" class=\"easingslider-image easingslider-lazy\" \/><\/div><div class=\"easingslider-slide\"><img decoding=\"async\" src=\"https:\/\/www.college-wallon-ivry.fr\/wp-content\/plugins\/easing-slider\/assets\/images\/placeholder-pixel.png\" data-src=\"https:\/\/www.college-wallon-ivry.fr\/wp-content\/uploads\/2019\/03\/IMG-20190327-WA0015-640x400.jpg\" alt=\"\" title=\"\" class=\"easingslider-image easingslider-lazy\" \/><\/div><div class=\"easingslider-slide\"><img decoding=\"async\" src=\"https:\/\/www.college-wallon-ivry.fr\/wp-content\/plugins\/easing-slider\/assets\/images\/placeholder-pixel.png\" data-src=\"https:\/\/www.college-wallon-ivry.fr\/wp-content\/uploads\/2019\/03\/IMG-20190327-WA0016-640x400.jpg\" alt=\"\" title=\"\" class=\"easingslider-image easingslider-lazy\" \/><\/div><div class=\"easingslider-slide\"><img decoding=\"async\" src=\"https:\/\/www.college-wallon-ivry.fr\/wp-content\/plugins\/easing-slider\/assets\/images\/placeholder-pixel.png\" data-src=\"https:\/\/www.college-wallon-ivry.fr\/wp-content\/uploads\/2019\/03\/IMG-20190327-WA0019-640x400.jpg\" alt=\"\" title=\"\" class=\"easingslider-image easingslider-lazy\" \/><\/div><div class=\"easingslider-slide\"><img decoding=\"async\" src=\"https:\/\/www.college-wallon-ivry.fr\/wp-content\/plugins\/easing-slider\/assets\/images\/placeholder-pixel.png\" data-src=\"https:\/\/www.college-wallon-ivry.fr\/wp-content\/uploads\/2019\/03\/IMG-20190327-WA0023-640x400.jpg\" alt=\"\" title=\"\" class=\"easingslider-image easingslider-lazy\" \/><\/div><div class=\"easingslider-slide\"><img decoding=\"async\" src=\"https:\/\/www.college-wallon-ivry.fr\/wp-content\/plugins\/easing-slider\/assets\/images\/placeholder-pixel.png\" data-src=\"https:\/\/www.college-wallon-ivry.fr\/wp-content\/uploads\/2019\/03\/IMG-20190327-WA0026-640x400.jpg\" alt=\"\" title=\"\" class=\"easingslider-image easingslider-lazy\" \/><\/div><div class=\"easingslider-slide\"><img decoding=\"async\" src=\"https:\/\/www.college-wallon-ivry.fr\/wp-content\/plugins\/easing-slider\/assets\/images\/placeholder-pixel.png\" data-src=\"https:\/\/www.college-wallon-ivry.fr\/wp-content\/uploads\/2019\/03\/IMG-20190327-WA0032-640x400.jpg\" alt=\"\" title=\"\" class=\"easingslider-image easingslider-lazy\" \/><\/div><div class=\"easingslider-slide\"><img decoding=\"async\" src=\"https:\/\/www.college-wallon-ivry.fr\/wp-content\/plugins\/easing-slider\/assets\/images\/placeholder-pixel.png\" data-src=\"https:\/\/www.college-wallon-ivry.fr\/wp-content\/uploads\/2019\/03\/IMG-20190327-WA0034-640x400.jpg\" alt=\"\" title=\"\" class=\"easingslider-image easingslider-lazy\" \/><\/div><\/div>\n<\/div>\n<\/div><\/div><\/div><\/div><div id=\"pg-6497-2\"  class=\"panel-grid panel-no-style\" ><div id=\"pgc-6497-2-0\"  class=\"panel-grid-cell\" ><div id=\"panel-6497-2-0-0\" class=\"so-panel widget widget_sow-editor panel-first-child panel-last-child\" data-index=\"3\" ><div\n\t\t\t\n\t\t\tclass=\"so-widget-sow-editor so-widget-sow-editor-base\"\n\t\t\t\n\t\t>\n<div class=\"siteorigin-widget-tinymce textwidget\">\n\t<div>Le matin les danseuses ont pu r\u00e9p\u00e9ter sur sc\u00e8ne et en studio, se pr\u00e9parer dans les loges et l'apr\u00e8s-midi a eu lieu la repr\u00e9sentation.<\/div>\n<div>Les \u00e9l\u00e8ves en ont pris plein les yeux puisque quatorze chor\u00e9graphies ont \u00e9t\u00e9 pr\u00e9sent\u00e9es.<\/div>\n<div>Malgr\u00e9 le stress les danseuses ont assur\u00e9 le show et ont quitt\u00e9 la sc\u00e8ne sous les applaudissements du public.<\/div>\n<\/div>\n<\/div><\/div><\/div><\/div><div id=\"pg-6497-3\"  class=\"panel-grid panel-no-style\" ><div id=\"pgc-6497-3-0\"  class=\"panel-grid-cell\" ><div id=\"panel-6497-3-0-0\" class=\"so-panel widget widget_sow-editor panel-first-child panel-last-child\" data-index=\"4\" ><div\n\t\t\t\n\t\t\tclass=\"so-widget-sow-editor so-widget-sow-editor-base\"\n\t\t\t\n\t\t>\n<div class=\"siteorigin-widget-tinymce textwidget\">\n\t<div>Anissa, Claudia et M\u00e9riem ont fait partie du jury qui a not\u00e9 et class\u00e9 les chor\u00e9graphies de lyc\u00e9es. Elles ont pu s'appuyer sur les connaissances acquises lors de la formation d\u00e9partementale.<\/div>\n<div>&nbsp;<\/div>\n<div>Un grand bravo \u00e0 toutes d'avoir particip\u00e9 \u00e0 cette aventure !<\/div>\n<div>&nbsp;<\/div>\n<div><b>Rendez-vous mercredi 4 avril \u00e0 13h30 au gymnase des Epinettes pour d\u00e9buter la chor\u00e9graphie des Pompom girls.<\/b> <b>Venez nombreux-ses et n'h\u00e9sitez pas \u00e0 vous renseigner aupr\u00e8s de Madame S\u00e9ris pour y participer.<\/b><\/div>\n<div>Cette chor\u00e9graphie sera pr\u00e9sent\u00e9e lors du match de handball de fin d'ann\u00e9e professeurs contre \u00e9l\u00e8ves de la section sportive.<span class=\"HOEnZb\"><span style=\"color: #888888;\"><br \/>\n<\/span><\/span><\/div>\n<div>&nbsp;<\/div>\n<p>&nbsp;<\/p>\n<\/div>\n<\/div><\/div><\/div><\/div><\/div><h3>Images li\u00e9es:<\/h3>","protected":false},"excerpt":{"rendered":"<p>Mercredi 27 mars les 26 \u00e9l\u00e8ves de l&rsquo;AS danse participaient \u00e0 la comp\u00e9tition d\u00e9partementale UNSS au centre culturel Aragon Triolet \u00e0 Orly. Les \u00e9l\u00e8ves s&rsquo;\u00e9taient longuement pr\u00e9par\u00e9s et s\u00e9rieusement entra\u00een\u00e9s pour cette \u00e9ch\u00e9ance tr\u00e8s importante pour eux. Deux groupes ont eu la chance de danser sur une superbe sc\u00e8ne avec des \u00e9clairages et du son [&hellip;]<\/p>\n","protected":false},"author":1,"featured_media":6512,"comment_status":"open","ping_status":"open","sticky":false,"template":"","format":"standard","meta":{"ngg_post_thumbnail":0,"footnotes":""},"categories":[49,47,46],"tags":[],"class_list":{"0":"post-6497","1":"post","2":"type-post","3":"status-publish","4":"format-standard","5":"has-post-thumbnail","7":"category-action","8":"category-as","9":"category-danse","10":"czr-hentry"},"_links":{"self":[{"href":"https:\/\/www.college-wallon-ivry.fr\/index.php\/wp-json\/wp\/v2\/posts\/6497","targetHints":{"allow":["GET"]}}],"collection":[{"href":"https:\/\/www.college-wallon-ivry.fr\/index.php\/wp-json\/wp\/v2\/posts"}],"about":[{"href":"https:\/\/www.college-wallon-ivry.fr\/index.php\/wp-json\/wp\/v2\/types\/post"}],"author":[{"embeddable":true,"href":"https:\/\/www.college-wallon-ivry.fr\/index.php\/wp-json\/wp\/v2\/users\/1"}],"replies":[{"embeddable":true,"href":"https:\/\/www.college-wallon-ivry.fr\/index.php\/wp-json\/wp\/v2\/comments?post=6497"}],"version-history":[{"count":3,"href":"https:\/\/www.college-wallon-ivry.fr\/index.php\/wp-json\/wp\/v2\/posts\/6497\/revisions"}],"predecessor-version":[{"id":6515,"href":"https:\/\/www.college-wallon-ivry.fr\/index.php\/wp-json\/wp\/v2\/posts\/6497\/revisions\/6515"}],"wp:featuredmedia":[{"embeddable":true,"href":"https:\/\/www.college-wallon-ivry.fr\/index.php\/wp-json\/wp\/v2\/media\/6512"}],"wp:attachment":[{"href":"https:\/\/www.college-wallon-ivry.fr\/index.php\/wp-json\/wp\/v2\/media?parent=6497"}],"wp:term":[{"taxonomy":"category","embeddable":true,"href":"https:\/\/www.college-wallon-ivry.fr\/index.php\/wp-json\/wp\/v2\/categories?post=6497"},{"taxonomy":"post_tag","embeddable":true,"href":"https:\/\/www.college-wallon-ivry.fr\/index.php\/wp-json\/wp\/v2\/tags?post=6497"}],"curies":[{"name":"wp","href":"https:\/\/api.w.org\/{rel}","templated":true}]}}