{"id":6532,"date":"2019-05-13T19:24:11","date_gmt":"2019-05-13T17:24:11","guid":{"rendered":"http:\/\/www.college-wallon-ivry.fr\/?p=6532"},"modified":"2019-05-27T23:34:48","modified_gmt":"2019-05-27T21:34:48","slug":"voyage-en-salzbourg","status":"publish","type":"post","link":"https:\/\/www.college-wallon-ivry.fr\/index.php\/2019\/05\/13\/voyage-en-salzbourg\/","title":{"rendered":"Voyage \u00e0 Salzbourg"},"content":{"rendered":"<div id=\"pl-6532\"  class=\"panel-layout\" ><div id=\"pg-6532-0\"  class=\"panel-grid panel-no-style\" ><div id=\"pgc-6532-0-0\"  class=\"panel-grid-cell\" ><div id=\"panel-6532-0-0-0\" class=\"so-panel widget widget_sow-editor panel-first-child\" data-index=\"0\" ><div\n\t\t\t\n\t\t\tclass=\"so-widget-sow-editor so-widget-sow-editor-base\"\n\t\t\t\n\t\t>\n<div class=\"siteorigin-widget-tinymce textwidget\">\n\t<h2><span style=\"color: #0088cc;\">Lundi 13 mai<\/span><\/h2>\n<p>Premiers pas dans la ville de l'or blanc : la place de la cath\u00e9drale.<\/p>\n<p>Au programme aujourd'hui : visite de la forteresse et de la maison de Mozart.<br \/>\nOn a m\u00eame un peu de soleil !<\/p>\n<\/div>\n<\/div><\/div><div id=\"panel-6532-0-0-1\" class=\"so-panel widget widget_sow-image panel-last-child\" data-index=\"1\" ><div\n\t\t\t\n\t\t\tclass=\"so-widget-sow-image so-widget-sow-image-default-c67d20f9f743-6532\"\n\t\t\t\n\t\t>\n<div class=\"sow-image-container\">\n\t\t\t<a href=\"http:\/\/www.college-wallon-ivry.fr\/wp-content\/uploads\/2019\/05\/20190513_085341.jpg\"\n\t\t\t\t\t>\n\t\t\t<img \n\tsrc=\"https:\/\/www.college-wallon-ivry.fr\/wp-content\/uploads\/2019\/05\/20190513_085341.jpg\" width=\"2560\" height=\"1536\" srcset=\"https:\/\/www.college-wallon-ivry.fr\/wp-content\/uploads\/2019\/05\/20190513_085341.jpg 2560w, https:\/\/www.college-wallon-ivry.fr\/wp-content\/uploads\/2019\/05\/20190513_085341-300x180.jpg 300w, https:\/\/www.college-wallon-ivry.fr\/wp-content\/uploads\/2019\/05\/20190513_085341-768x461.jpg 768w, https:\/\/www.college-wallon-ivry.fr\/wp-content\/uploads\/2019\/05\/20190513_085341-1024x614.jpg 1024w, https:\/\/www.college-wallon-ivry.fr\/wp-content\/uploads\/2019\/05\/20190513_085341-400x240.jpg 400w\" sizes=\"(max-width: 2560px) 100vw, 2560px\" alt=\"\" \t\tclass=\"so-widget-image\"\/>\n\t\t\t<\/a><\/div>\n\n<\/div><\/div><\/div><\/div><div id=\"pg-6532-1\"  class=\"panel-grid panel-no-style\" ><div id=\"pgc-6532-1-0\"  class=\"panel-grid-cell\" ><div id=\"panel-6532-1-0-0\" class=\"so-panel widget widget_sow-editor panel-first-child\" data-index=\"2\" ><div\n\t\t\t\n\t\t\tclass=\"so-widget-sow-editor so-widget-sow-editor-base\"\n\t\t\t\n\t\t>\n<div class=\"siteorigin-widget-tinymce textwidget\">\n\t<h2><span style=\"color: #0088cc;\">Mardi 14 mai<\/span><\/h2>\n<p>Voici un groupe de mineurs qui viennent d'\u00e9voluer \u00e0 plus de 900m sous terre. Spectaculaire !<\/p>\n<\/div>\n<\/div><\/div><div id=\"panel-6532-1-0-1\" class=\"so-panel widget widget_sow-image panel-last-child\" data-index=\"3\" ><div\n\t\t\t\n\t\t\tclass=\"so-widget-sow-image so-widget-sow-image-default-c67d20f9f743-6532\"\n\t\t\t\n\t\t>\n<div class=\"sow-image-container\">\n\t\t\t<a href=\"http:\/\/www.college-wallon-ivry.fr\/wp-content\/uploads\/2019\/05\/Salzbourg-1.jpg\"\n\t\t\t\t\t>\n\t\t\t<img \n\tsrc=\"https:\/\/www.college-wallon-ivry.fr\/wp-content\/uploads\/2019\/05\/Salzbourg-1.jpg\" width=\"2560\" height=\"1536\" srcset=\"https:\/\/www.college-wallon-ivry.fr\/wp-content\/uploads\/2019\/05\/Salzbourg-1.jpg 2560w, https:\/\/www.college-wallon-ivry.fr\/wp-content\/uploads\/2019\/05\/Salzbourg-1-300x180.jpg 300w, https:\/\/www.college-wallon-ivry.fr\/wp-content\/uploads\/2019\/05\/Salzbourg-1-768x461.jpg 768w, https:\/\/www.college-wallon-ivry.fr\/wp-content\/uploads\/2019\/05\/Salzbourg-1-1024x614.jpg 1024w, https:\/\/www.college-wallon-ivry.fr\/wp-content\/uploads\/2019\/05\/Salzbourg-1-400x240.jpg 400w\" sizes=\"(max-width: 2560px) 100vw, 2560px\" title=\"Salzbourg 1\" alt=\"\" \t\tclass=\"so-widget-image\"\/>\n\t\t\t<\/a><\/div>\n\n<\/div><\/div><\/div><\/div><div id=\"pg-6532-2\"  class=\"panel-grid panel-no-style\" ><div id=\"pgc-6532-2-0\"  class=\"panel-grid-cell\" ><div id=\"panel-6532-2-0-0\" class=\"so-panel widget widget_sow-editor panel-first-child\" data-index=\"4\" ><div\n\t\t\t\n\t\t\tclass=\"so-widget-sow-editor so-widget-sow-editor-base\"\n\t\t\t\n\t\t>\n<div class=\"siteorigin-widget-tinymce textwidget\">\n\t<h2><span style=\"color: #0088cc;\">Mercredi 15 mai<\/span><\/h2>\n<p>Visite du ch\u00e2teau de Herrenchiemsee, construit par le roi Louis II de Bavi\u00e8re, grand admirateur du Roi Soleil.<\/p>\n<p>C'est tout comme Versailles mais en plus grand, notamment la salle des glaces !!!<\/p>\n<\/div>\n<\/div><\/div><div id=\"panel-6532-2-0-1\" class=\"so-panel widget widget_sow-image panel-last-child\" data-index=\"5\" ><div\n\t\t\t\n\t\t\tclass=\"so-widget-sow-image so-widget-sow-image-default-c67d20f9f743-6532\"\n\t\t\t\n\t\t>\n<div class=\"sow-image-container\">\n\t\t\t<a href=\"http:\/\/www.college-wallon-ivry.fr\/wp-content\/uploads\/2019\/05\/Salzbourg-3.jpg\"\n\t\t\t\t\t>\n\t\t\t<img \n\tsrc=\"https:\/\/www.college-wallon-ivry.fr\/wp-content\/uploads\/2019\/05\/Salzbourg-3.jpg\" width=\"2560\" height=\"1536\" srcset=\"https:\/\/www.college-wallon-ivry.fr\/wp-content\/uploads\/2019\/05\/Salzbourg-3.jpg 2560w, https:\/\/www.college-wallon-ivry.fr\/wp-content\/uploads\/2019\/05\/Salzbourg-3-300x180.jpg 300w, https:\/\/www.college-wallon-ivry.fr\/wp-content\/uploads\/2019\/05\/Salzbourg-3-768x461.jpg 768w, https:\/\/www.college-wallon-ivry.fr\/wp-content\/uploads\/2019\/05\/Salzbourg-3-1024x614.jpg 1024w, https:\/\/www.college-wallon-ivry.fr\/wp-content\/uploads\/2019\/05\/Salzbourg-3-400x240.jpg 400w\" sizes=\"(max-width: 2560px) 100vw, 2560px\" title=\"Salzbourg 3\" alt=\"\" \t\tclass=\"so-widget-image\"\/>\n\t\t\t<\/a><\/div>\n\n<\/div><\/div><\/div><\/div><div id=\"pg-6532-3\"  class=\"panel-grid panel-no-style\" ><div id=\"pgc-6532-3-0\"  class=\"panel-grid-cell\" ><div id=\"panel-6532-3-0-0\" class=\"so-panel widget widget_sow-editor panel-first-child\" data-index=\"6\" ><div\n\t\t\t\n\t\t\tclass=\"so-widget-sow-editor so-widget-sow-editor-base\"\n\t\t\t\n\t\t>\n<div class=\"siteorigin-widget-tinymce textwidget\">\n\t<p>Enfin le soleil sur le petit toit d'or.<\/p>\n<p>Pikachu est parmi nous, \u00e7a veut dire qu'ils vont bien !<\/p>\n<\/div>\n<\/div><\/div><div id=\"panel-6532-3-0-1\" class=\"so-panel widget widget_sow-image panel-last-child\" data-index=\"7\" ><div\n\t\t\t\n\t\t\tclass=\"so-widget-sow-image so-widget-sow-image-default-8b5b6f678277-6532\"\n\t\t\t\n\t\t>\n<div class=\"sow-image-container\">\n\t\t\t<a href=\"http:\/\/www.college-wallon-ivry.fr\/wp-content\/uploads\/2019\/05\/Salzbourg-4.jpg\"\n\t\t\t\t\t>\n\t\t\t<img \n\tsrc=\"https:\/\/www.college-wallon-ivry.fr\/wp-content\/uploads\/2019\/05\/Salzbourg-4.jpg\" width=\"2560\" height=\"1536\" srcset=\"https:\/\/www.college-wallon-ivry.fr\/wp-content\/uploads\/2019\/05\/Salzbourg-4.jpg 2560w, https:\/\/www.college-wallon-ivry.fr\/wp-content\/uploads\/2019\/05\/Salzbourg-4-300x180.jpg 300w, https:\/\/www.college-wallon-ivry.fr\/wp-content\/uploads\/2019\/05\/Salzbourg-4-768x461.jpg 768w, https:\/\/www.college-wallon-ivry.fr\/wp-content\/uploads\/2019\/05\/Salzbourg-4-1024x614.jpg 1024w, https:\/\/www.college-wallon-ivry.fr\/wp-content\/uploads\/2019\/05\/Salzbourg-4-400x240.jpg 400w\" sizes=\"(max-width: 2560px) 100vw, 2560px\" title=\"Salzbourg 4\" alt=\"\" \t\tclass=\"so-widget-image\"\/>\n\t\t\t<\/a><\/div>\n\n<\/div><\/div><\/div><\/div><\/div><h3>Images li\u00e9es:<\/h3>","protected":false},"excerpt":{"rendered":"<p>Lundi 13 mai Premiers pas dans la ville de l&rsquo;or blanc : la place de la cath\u00e9drale. Au programme aujourd&rsquo;hui : visite de la forteresse et de la maison de Mozart. On a m\u00eame un peu de soleil ! Mardi 14 mai Voici un groupe de mineurs qui viennent d&rsquo;\u00e9voluer \u00e0 plus de 900m sous [&hellip;]<\/p>\n","protected":false},"author":1,"featured_media":6533,"comment_status":"open","ping_status":"open","sticky":false,"template":"","format":"standard","meta":{"ngg_post_thumbnail":0,"footnotes":""},"categories":[49,50],"tags":[],"class_list":{"0":"post-6532","1":"post","2":"type-post","3":"status-publish","4":"format-standard","5":"has-post-thumbnail","7":"category-action","8":"category-voyages-scolaires","9":"czr-hentry"},"_links":{"self":[{"href":"https:\/\/www.college-wallon-ivry.fr\/index.php\/wp-json\/wp\/v2\/posts\/6532","targetHints":{"allow":["GET"]}}],"collection":[{"href":"https:\/\/www.college-wallon-ivry.fr\/index.php\/wp-json\/wp\/v2\/posts"}],"about":[{"href":"https:\/\/www.college-wallon-ivry.fr\/index.php\/wp-json\/wp\/v2\/types\/post"}],"author":[{"embeddable":true,"href":"https:\/\/www.college-wallon-ivry.fr\/index.php\/wp-json\/wp\/v2\/users\/1"}],"replies":[{"embeddable":true,"href":"https:\/\/www.college-wallon-ivry.fr\/index.php\/wp-json\/wp\/v2\/comments?post=6532"}],"version-history":[{"count":19,"href":"https:\/\/www.college-wallon-ivry.fr\/index.php\/wp-json\/wp\/v2\/posts\/6532\/revisions"}],"predecessor-version":[{"id":6567,"href":"https:\/\/www.college-wallon-ivry.fr\/index.php\/wp-json\/wp\/v2\/posts\/6532\/revisions\/6567"}],"wp:featuredmedia":[{"embeddable":true,"href":"https:\/\/www.college-wallon-ivry.fr\/index.php\/wp-json\/wp\/v2\/media\/6533"}],"wp:attachment":[{"href":"https:\/\/www.college-wallon-ivry.fr\/index.php\/wp-json\/wp\/v2\/media?parent=6532"}],"wp:term":[{"taxonomy":"category","embeddable":true,"href":"https:\/\/www.college-wallon-ivry.fr\/index.php\/wp-json\/wp\/v2\/categories?post=6532"},{"taxonomy":"post_tag","embeddable":true,"href":"https:\/\/www.college-wallon-ivry.fr\/index.php\/wp-json\/wp\/v2\/tags?post=6532"}],"curies":[{"name":"wp","href":"https:\/\/api.w.org\/{rel}","templated":true}]}}