{"id":6568,"date":"2019-06-16T16:04:56","date_gmt":"2019-06-16T14:04:56","guid":{"rendered":"http:\/\/www.college-wallon-ivry.fr\/?p=6568"},"modified":"2019-09-28T12:29:05","modified_gmt":"2019-09-28T10:29:05","slug":"quand-les-6e6-animent-la-ville-de-poesie","status":"publish","type":"post","link":"https:\/\/www.college-wallon-ivry.fr\/index.php\/2019\/06\/16\/quand-les-6e6-animent-la-ville-de-poesie\/","title":{"rendered":"Quand les 6e6 animent la ville de po\u00e9sie"},"content":{"rendered":"<div id=\"pl-6568\"  class=\"panel-layout\" ><div id=\"pg-6568-0\"  class=\"panel-grid panel-no-style\" ><div id=\"pgc-6568-0-0\"  class=\"panel-grid-cell\" ><div id=\"panel-6568-0-0-0\" class=\"so-panel widget widget_sow-editor panel-first-child panel-last-child\" data-index=\"0\" ><div\n\t\t\t\n\t\t\tclass=\"so-widget-sow-editor so-widget-sow-editor-base\"\n\t\t\t\n\t\t>\n<div class=\"siteorigin-widget-tinymce textwidget\">\n\t<p>Le collectif Quatre Ailes \u00e9tait en r\u00e9sidence en milieu scolaire au cours de l\u2019ann\u00e9e 2018\/2019 aux coll\u00e8ge Moli\u00e8re, Henri Wallon et \u00e0 l\u2019\u00e9cole \u00e9l\u00e9mentaire Rosa Parks d\u2019Ivry.<\/p>\n<p>Chaque classe impliqu\u00e9e dans cette r\u00e9sidence a travaill\u00e9 sur un atelier sp\u00e9cifique sur le th\u00e8me d\u2019Alice au Pays des Merveilles, et de l\u2019autre c\u00f4t\u00e9 du miroir.<\/p>\n<p>La classe de 6\u00e8me 6 pr\u00e9sent\u00e9e dans ce livre a travaill\u00e9 de la mani\u00e8re suivante :<br \/>\nA partir d\u2019une lecture en classe d\u2019 Alice, les \u00e9l\u00e8ves rep\u00e8rent plusieurs mots images et mots valises qu\u2019ils compl\u00e8tent avec d\u2019autres qu\u2019ils auront invent\u00e9s.<\/p>\n<p>Sur un banc titre et \u00e0 l\u2019aide de la technique du stop motion les mots sont anim\u00e9s et recompos\u00e9s suivant des courtes situations invent\u00e9es en classe. Ces situations sont directement inspir\u00e9es par Alice et transpos\u00e9es dans des lieux d\u2019Ivry que les jeunes ont rep\u00e9r\u00e9 lors d\u2019une sortie aux Archives Municipales d\u2019Ivry o\u00f9 ils ont s\u00e9lectionn\u00e9 des images d\u2019archives et qu\u2019ils ont ensuite confront\u00e9 avec les lieux actuels lors d\u2019une sortie avec leurs professeurs d\u2019histoire g\u00e9ographie et de fran\u00e7ais.<\/p>\n<p>Les mots images anim\u00e9s sont ensuite incrust\u00e9s dans un diaporama compos\u00e9 des images d\u2019Ivry.<\/p>\n<\/div>\n<\/div><\/div><\/div><div id=\"pgc-6568-0-1\"  class=\"panel-grid-cell\" ><div id=\"panel-6568-0-1-0\" class=\"so-panel widget widget_siteorigin-panels-builder panel-first-child panel-last-child\" data-index=\"1\" ><div id=\"pl-w5d065ce844a81\"  class=\"panel-layout\" ><div id=\"pg-w5d065ce844a81-0\"  class=\"panel-grid panel-no-style\" ><div id=\"pgc-w5d065ce844a81-0-0\"  class=\"panel-grid-cell\" ><div id=\"panel-w5d065ce844a81-0-0-0\" class=\"so-panel widget widget_sow-image panel-first-child panel-last-child\" data-index=\"0\" ><div\n\t\t\t\n\t\t\tclass=\"so-widget-sow-image so-widget-sow-image-default-c67d20f9f743\"\n\t\t\t\n\t\t>\n<div class=\"sow-image-container\">\n\t\t\t<a href=\"http:\/\/www.college-wallon-ivry.fr\/wp-content\/uploads\/2019\/06\/fullsizeoutput_1f0a.jpeg\"\n\t\t\t\t\t>\n\t\t\t<img \n\tsrc=\"https:\/\/www.college-wallon-ivry.fr\/wp-content\/uploads\/2019\/06\/fullsizeoutput_1f0a-150x150.jpeg\" width=\"150\" height=\"150\" srcset=\"https:\/\/www.college-wallon-ivry.fr\/wp-content\/uploads\/2019\/06\/fullsizeoutput_1f0a-150x150.jpeg 150w, https:\/\/www.college-wallon-ivry.fr\/wp-content\/uploads\/2019\/06\/fullsizeoutput_1f0a-200x200.jpeg 200w\" sizes=\"(max-width: 150px) 100vw, 150px\" title=\"DCIM101GOPROGOPR4832.JPG\" alt=\"\" \t\tclass=\"so-widget-image\"\/>\n\t\t\t<\/a><\/div>\n\n<\/div><\/div><\/div><div id=\"pgc-w5d065ce844a81-0-1\"  class=\"panel-grid-cell\" ><div id=\"panel-w5d065ce844a81-0-1-0\" class=\"so-panel widget widget_sow-image panel-first-child panel-last-child\" data-index=\"1\" ><div\n\t\t\t\n\t\t\tclass=\"so-widget-sow-image so-widget-sow-image-default-c67d20f9f743\"\n\t\t\t\n\t\t>\n<div class=\"sow-image-container\">\n\t\t\t<a href=\"http:\/\/www.college-wallon-ivry.fr\/wp-content\/uploads\/2019\/06\/fullsizeoutput_1f15.jpeg\"\n\t\t\t\t\t>\n\t\t\t<img \n\tsrc=\"https:\/\/www.college-wallon-ivry.fr\/wp-content\/uploads\/2019\/06\/fullsizeoutput_1f15-150x150.jpeg\" width=\"150\" height=\"150\" srcset=\"https:\/\/www.college-wallon-ivry.fr\/wp-content\/uploads\/2019\/06\/fullsizeoutput_1f15-150x150.jpeg 150w, https:\/\/www.college-wallon-ivry.fr\/wp-content\/uploads\/2019\/06\/fullsizeoutput_1f15-200x200.jpeg 200w\" sizes=\"(max-width: 150px) 100vw, 150px\" title=\"DCIM101GOPROGOPR4841.JPG\" alt=\"\" \t\tclass=\"so-widget-image\"\/>\n\t\t\t<\/a><\/div>\n\n<\/div><\/div><\/div><\/div><div id=\"pg-w5d065ce844a81-1\"  class=\"panel-grid panel-no-style\" ><div id=\"pgc-w5d065ce844a81-1-0\"  class=\"panel-grid-cell\" ><div id=\"panel-w5d065ce844a81-1-0-0\" class=\"so-panel widget widget_sow-image panel-first-child panel-last-child\" data-index=\"2\" ><div\n\t\t\t\n\t\t\tclass=\"so-widget-sow-image so-widget-sow-image-default-c67d20f9f743\"\n\t\t\t\n\t\t>\n<div class=\"sow-image-container\">\n\t\t\t<a href=\"http:\/\/www.college-wallon-ivry.fr\/wp-content\/uploads\/2019\/06\/fullsizeoutput_1f16.jpeg\"\n\t\t\t\t\t>\n\t\t\t<img \n\tsrc=\"https:\/\/www.college-wallon-ivry.fr\/wp-content\/uploads\/2019\/06\/fullsizeoutput_1f16-300x225.jpeg\" width=\"300\" height=\"225\" srcset=\"https:\/\/www.college-wallon-ivry.fr\/wp-content\/uploads\/2019\/06\/fullsizeoutput_1f16-300x225.jpeg 300w, https:\/\/www.college-wallon-ivry.fr\/wp-content\/uploads\/2019\/06\/fullsizeoutput_1f16-768x576.jpeg 768w, https:\/\/www.college-wallon-ivry.fr\/wp-content\/uploads\/2019\/06\/fullsizeoutput_1f16-1024x768.jpeg 1024w, https:\/\/www.college-wallon-ivry.fr\/wp-content\/uploads\/2019\/06\/fullsizeoutput_1f16-400x300.jpeg 400w\" sizes=\"(max-width: 300px) 100vw, 300px\" title=\"DCIM101GOPROGOPR4844.JPG\" alt=\"\" \t\tclass=\"so-widget-image\"\/>\n\t\t\t<\/a><\/div>\n\n<\/div><\/div><\/div><\/div><\/div><\/div><\/div><\/div><div id=\"pg-6568-1\"  class=\"panel-grid panel-no-style\" ><div id=\"pgc-6568-1-0\"  class=\"panel-grid-cell\" ><div id=\"panel-6568-1-0-0\" class=\"so-panel widget widget_sow-image panel-first-child panel-last-child\" data-index=\"2\" ><div\n\t\t\t\n\t\t\tclass=\"so-widget-sow-image so-widget-sow-image-default-113ccd71f3e6-6568\"\n\t\t\t\n\t\t><h3 class=\"widget-title\">Visualier le r\u00e9sultat en cliquant sur le livret<\/h3>\n<div class=\"sow-image-container\">\n\t\t\t<a href=\"http:\/\/www.college-wallon-ivry.fr\/wp-content\/uploads\/2019\/06\/Livret-Wallon-V3.pdf\"\n\t\t\ttarget=\"_blank\" rel=\"noopener noreferrer\" \t\t>\n\t\t\t<img \n\tsrc=\"https:\/\/www.college-wallon-ivry.fr\/wp-content\/uploads\/2019\/06\/Livret-Wallon-V3-pdf-212x300.jpg\" width=\"212\" height=\"300\" sizes=\"(max-width: 212px) 100vw, 212px\" title=\"Visualier le r\u00e9sultat en cliquant sur le livret\" alt=\"\" \t\tclass=\"so-widget-image\"\/>\n\t\t\t<\/a><\/div>\n\n<\/div><\/div><\/div><\/div><div id=\"pg-6568-2\"  class=\"panel-grid panel-no-style\" ><div id=\"pgc-6568-2-0\"  class=\"panel-grid-cell\" ><div id=\"panel-6568-2-0-0\" class=\"so-panel widget widget_sow-editor panel-first-child panel-last-child\" data-index=\"3\" ><div\n\t\t\t\n\t\t\tclass=\"so-widget-sow-editor so-widget-sow-editor-base\"\n\t\t\t\n\t\t>\n<div class=\"siteorigin-widget-tinymce textwidget\">\n\t<h3>Depuis le d\u00e9but du projet<\/h3>\n<p>Lancement du projet avec le th\u00e9\u00e2tre Antoine Vitez, le collectif <span class=\"il\">4<\/span> <span class=\"il\">ailes<\/span> et les archives municipales.<\/p>\n<p>En d\u00e9cembre, nous avons d\u00e9couvert le travail du collectif en assistant \u00e0 la repr\u00e9sentation de \"certains regardent les \u00e9toiles\"<\/p>\n<p>De d\u00e9cembre \u00e0 Janvier, nous nous sommes immerg\u00e9s dans le monde fantastique, absurde et po\u00e9tique de Lewis Carroll en \u00e9tudiant Alice aux Pays des Merveilles, en cours de fran\u00e7ais.<\/p>\n<\/div>\n<\/div><\/div><\/div><\/div><div id=\"pg-6568-3\"  class=\"panel-grid panel-no-style\" ><div id=\"pgc-6568-3-0\"  class=\"panel-grid-cell\" ><div id=\"panel-6568-3-0-0\" class=\"so-panel widget widget_sow-editor panel-first-child\" data-index=\"4\" ><div\n\t\t\t\n\t\t\tclass=\"so-widget-sow-editor so-widget-sow-editor-base\"\n\t\t\t\n\t\t>\n<div class=\"siteorigin-widget-tinymce textwidget\">\n\t<p>En Mars, Annabelle Brunet, du collectif 4ails, accompagn\u00e9e d'Alice Demore, du th\u00e9\u00e2tre A. Vitez, nous ont pr\u00e9sent\u00e9 le projet.<\/p>\n<\/div>\n<\/div><\/div><div id=\"panel-6568-3-0-1\" class=\"so-panel widget widget_siteorigin-panels-builder panel-last-child\" data-index=\"5\" ><div id=\"pl-w5ce2d028773ce\"  class=\"panel-layout\" ><div id=\"pg-w5ce2d028773ce-0\"  class=\"panel-grid panel-no-style\" ><div id=\"pgc-w5ce2d028773ce-0-0\"  class=\"panel-grid-cell\" ><div id=\"panel-w5ce2d028773ce-0-0-0\" class=\"so-panel widget widget_sow-image panel-first-child panel-last-child\" data-index=\"0\" ><div\n\t\t\t\n\t\t\tclass=\"so-widget-sow-image so-widget-sow-image-default-c67d20f9f743\"\n\t\t\t\n\t\t>\n<div class=\"sow-image-container\">\n\t\t\t<a href=\"http:\/\/www.college-wallon-ivry.fr\/wp-content\/uploads\/2019\/05\/IMG_20190321_113326.jpg\"\n\t\t\t\t\t>\n\t\t\t<img \n\tsrc=\"https:\/\/www.college-wallon-ivry.fr\/wp-content\/uploads\/2019\/05\/IMG_20190321_113326-150x150.jpg\" width=\"150\" height=\"150\" srcset=\"https:\/\/www.college-wallon-ivry.fr\/wp-content\/uploads\/2019\/05\/IMG_20190321_113326-150x150.jpg 150w, https:\/\/www.college-wallon-ivry.fr\/wp-content\/uploads\/2019\/05\/IMG_20190321_113326-200x200.jpg 200w\" sizes=\"(max-width: 150px) 100vw, 150px\" title=\"bty\" alt=\"\" \t\tclass=\"so-widget-image\"\/>\n\t\t\t<\/a><\/div>\n\n<\/div><\/div><\/div><div id=\"pgc-w5ce2d028773ce-0-1\"  class=\"panel-grid-cell\" ><div id=\"panel-w5ce2d028773ce-0-1-0\" class=\"so-panel widget widget_sow-image panel-first-child panel-last-child\" data-index=\"1\" ><div\n\t\t\t\n\t\t\tclass=\"so-widget-sow-image so-widget-sow-image-default-3a2476c0e107\"\n\t\t\t\n\t\t>\n<div class=\"sow-image-container\">\n\t\t\t<a href=\"http:\/\/www.college-wallon-ivry.fr\/wp-content\/uploads\/2019\/05\/IMG_20190321_113511.jpg\"\n\t\t\t\t\t>\n\t\t\t<img \n\tsrc=\"https:\/\/www.college-wallon-ivry.fr\/wp-content\/uploads\/2019\/05\/IMG_20190321_113511-150x150.jpg\" width=\"150\" height=\"150\" srcset=\"https:\/\/www.college-wallon-ivry.fr\/wp-content\/uploads\/2019\/05\/IMG_20190321_113511-150x150.jpg 150w, https:\/\/www.college-wallon-ivry.fr\/wp-content\/uploads\/2019\/05\/IMG_20190321_113511-200x200.jpg 200w\" sizes=\"(max-width: 150px) 100vw, 150px\" title=\"bty\" alt=\"\" \t\tclass=\"so-widget-image\"\/>\n\t\t\t<\/a><\/div>\n\n<\/div><\/div><\/div><\/div><\/div><\/div><\/div><\/div><div id=\"pg-6568-4\"  class=\"panel-grid panel-no-style\" ><div id=\"pgc-6568-4-0\"  class=\"panel-grid-cell\" ><div id=\"panel-6568-4-0-0\" class=\"so-panel widget widget_sow-editor panel-first-child panel-last-child\" data-index=\"6\" ><div\n\t\t\t\n\t\t\tclass=\"so-widget-sow-editor so-widget-sow-editor-base\"\n\t\t\t\n\t\t>\n<div class=\"siteorigin-widget-tinymce textwidget\">\n\t<p>Puis nous nous sommes&nbsp; rendus aux archives municipales d'Ivry o\u00f9 Damien Saugeon, com\u00e9dien du collectif nous a rejoints et o\u00f9 Aur\u00e9lien Coutier nous ont fait travailler sur la ville d'Ivry \u00e0 travers les ann\u00e9es, nous permettant de cr\u00e9er la mati\u00e8re de notre objet artistique \u00e0 venir....<\/p>\n<p>Mais quelle dr\u00f4le d'installation...<\/p>\n<p>&nbsp;<\/p>\nngg_shortcode_0_placeholder\n<p>&nbsp;<\/p>\n<div class=\"yj6qo\">&nbsp;<\/div>\n<div class=\"adL\">&nbsp;<\/div>\n<\/div>\n<\/div><\/div><\/div><\/div><div id=\"pg-6568-5\"  class=\"panel-grid panel-no-style\" ><div id=\"pgc-6568-5-0\"  class=\"panel-grid-cell\" ><div id=\"panel-6568-5-0-0\" class=\"so-panel widget widget_sow-editor panel-first-child panel-last-child\" data-index=\"7\" ><div\n\t\t\t\n\t\t\tclass=\"so-widget-sow-editor so-widget-sow-editor-base\"\n\t\t\t\n\t\t>\n<div class=\"siteorigin-widget-tinymce textwidget\">\n\t<p>Le projet se poursuit demain (mardi 21 mai), les \u00e9l\u00e8ves iront prendre des photos de la ville d'Ivry.<\/p>\n<p>&nbsp;<\/p>\n<\/div>\n<\/div><\/div><\/div><\/div><\/div><h3>Images li\u00e9es:<\/h3>","protected":false},"excerpt":{"rendered":"<p>Le collectif Quatre Ailes \u00e9tait en r\u00e9sidence en milieu scolaire au cours de l\u2019ann\u00e9e 2018\/2019 aux coll\u00e8ge Moli\u00e8re, Henri Wallon et \u00e0 l\u2019\u00e9cole \u00e9l\u00e9mentaire Rosa Parks d\u2019Ivry. Chaque classe impliqu\u00e9e dans cette r\u00e9sidence a travaill\u00e9 sur un atelier sp\u00e9cifique sur le th\u00e8me d\u2019Alice au Pays des Merveilles, et de l\u2019autre c\u00f4t\u00e9 du miroir. La classe [&hellip;]<\/p>\n","protected":false},"author":1,"featured_media":7720,"comment_status":"open","ping_status":"open","sticky":false,"template":"","format":"standard","meta":{"ngg_post_thumbnail":0,"footnotes":""},"categories":[49,15],"tags":[59],"class_list":{"0":"post-6568","1":"post","2":"type-post","3":"status-publish","4":"format-standard","5":"has-post-thumbnail","7":"category-action","8":"category-projet","9":"tag-sidebar","10":"czr-hentry"},"_links":{"self":[{"href":"https:\/\/www.college-wallon-ivry.fr\/index.php\/wp-json\/wp\/v2\/posts\/6568","targetHints":{"allow":["GET"]}}],"collection":[{"href":"https:\/\/www.college-wallon-ivry.fr\/index.php\/wp-json\/wp\/v2\/posts"}],"about":[{"href":"https:\/\/www.college-wallon-ivry.fr\/index.php\/wp-json\/wp\/v2\/types\/post"}],"author":[{"embeddable":true,"href":"https:\/\/www.college-wallon-ivry.fr\/index.php\/wp-json\/wp\/v2\/users\/1"}],"replies":[{"embeddable":true,"href":"https:\/\/www.college-wallon-ivry.fr\/index.php\/wp-json\/wp\/v2\/comments?post=6568"}],"version-history":[{"count":13,"href":"https:\/\/www.college-wallon-ivry.fr\/index.php\/wp-json\/wp\/v2\/posts\/6568\/revisions"}],"predecessor-version":[{"id":7731,"href":"https:\/\/www.college-wallon-ivry.fr\/index.php\/wp-json\/wp\/v2\/posts\/6568\/revisions\/7731"}],"wp:featuredmedia":[{"embeddable":true,"href":"https:\/\/www.college-wallon-ivry.fr\/index.php\/wp-json\/wp\/v2\/media\/7720"}],"wp:attachment":[{"href":"https:\/\/www.college-wallon-ivry.fr\/index.php\/wp-json\/wp\/v2\/media?parent=6568"}],"wp:term":[{"taxonomy":"category","embeddable":true,"href":"https:\/\/www.college-wallon-ivry.fr\/index.php\/wp-json\/wp\/v2\/categories?post=6568"},{"taxonomy":"post_tag","embeddable":true,"href":"https:\/\/www.college-wallon-ivry.fr\/index.php\/wp-json\/wp\/v2\/tags?post=6568"}],"curies":[{"name":"wp","href":"https:\/\/api.w.org\/{rel}","templated":true}]}}