{"id":8382,"date":"2019-11-17T19:24:58","date_gmt":"2019-11-17T18:24:58","guid":{"rendered":"http:\/\/www.college-wallon-ivry.fr\/?p=8382"},"modified":"2020-02-02T21:40:26","modified_gmt":"2020-02-02T20:40:26","slug":"8382","status":"publish","type":"post","link":"https:\/\/www.college-wallon-ivry.fr\/index.php\/2019\/11\/17\/8382\/","title":{"rendered":"Comp\u00e9tition d&rsquo;athl\u00e9tisme d\u00e9partementale \u00e0 l&rsquo;INSEP"},"content":{"rendered":"<div id=\"pl-8382\"  class=\"panel-layout\" ><div id=\"pg-8382-0\"  class=\"panel-grid panel-no-style\" ><div id=\"pgc-8382-0-0\"  class=\"panel-grid-cell\" ><div id=\"panel-8382-0-0-0\" class=\"so-panel widget widget_sow-editor panel-first-child panel-last-child\" data-index=\"0\" ><div\n\t\t\t\n\t\t\tclass=\"so-widget-sow-editor so-widget-sow-editor-base\"\n\t\t\t\n\t\t>\n<div class=\"siteorigin-widget-tinymce textwidget\">\n\t<p>Comp\u00e9tition d'athl\u00e9tisme d\u00e9partementale \u00e0 Institut National du Sport, de l'Expertise et de la Performance (INSEP) avec Ouleymatou, A\u00efcha, Wadi, Mo\u00efse, Pranavan, Fousseyni, Mazigh, Ali, Ali et Will\u00e9ane.<\/p>\n<p>Les \u00e9l\u00e8ves ont d\u00e9couvert l\u00e0 o\u00f9 s'entrainent les plus grands champions fran\u00e7ais et r\u00e9aliser courses et sauts en longueur dans les m\u00eames conditions.<br \/>\nDes r\u00e9sultats tout \u00e0 fait honorables puisque le coll\u00e8ge termine 4e !<\/p>\n<p>Bravo \u00e0 eux.<\/p>\n<\/div>\n<\/div><\/div><\/div><\/div><div id=\"pg-8382-1\"  class=\"panel-grid panel-no-style\" ><div id=\"pgc-8382-1-0\"  class=\"panel-grid-cell\" ><div id=\"panel-8382-1-0-0\" class=\"so-panel widget widget_sow-editor panel-first-child panel-last-child\" data-index=\"1\" ><div\n\t\t\t\n\t\t\tclass=\"so-widget-sow-editor so-widget-sow-editor-base\"\n\t\t\t\n\t\t>\n<div class=\"siteorigin-widget-tinymce textwidget\">\n\tngg_shortcode_0_placeholder\n<\/div>\n<\/div><\/div><\/div><\/div><\/div><h3>Images li\u00e9es:<\/h3>","protected":false},"excerpt":{"rendered":"<p>Comp\u00e9tition d&rsquo;athl\u00e9tisme d\u00e9partementale \u00e0 Institut National du Sport, de l&rsquo;Expertise et de la Performance (INSEP) avec Ouleymatou, A\u00efcha, Wadi, Mo\u00efse, Pranavan, Fousseyni, Mazigh, Ali, Ali et Will\u00e9ane. Les \u00e9l\u00e8ves ont d\u00e9couvert l\u00e0 o\u00f9 s&rsquo;entrainent les plus grands champions fran\u00e7ais et r\u00e9aliser courses et sauts en longueur dans les m\u00eames conditions. Des r\u00e9sultats tout \u00e0 fait [&hellip;]<\/p>\n","protected":false},"author":1,"featured_media":8386,"comment_status":"open","ping_status":"open","sticky":false,"template":"","format":"standard","meta":{"ngg_post_thumbnail":0,"footnotes":""},"categories":[49,23],"tags":[],"class_list":{"0":"post-8382","1":"post","2":"type-post","3":"status-publish","4":"format-standard","5":"has-post-thumbnail","7":"category-action","8":"category-sport","9":"czr-hentry"},"_links":{"self":[{"href":"https:\/\/www.college-wallon-ivry.fr\/index.php\/wp-json\/wp\/v2\/posts\/8382","targetHints":{"allow":["GET"]}}],"collection":[{"href":"https:\/\/www.college-wallon-ivry.fr\/index.php\/wp-json\/wp\/v2\/posts"}],"about":[{"href":"https:\/\/www.college-wallon-ivry.fr\/index.php\/wp-json\/wp\/v2\/types\/post"}],"author":[{"embeddable":true,"href":"https:\/\/www.college-wallon-ivry.fr\/index.php\/wp-json\/wp\/v2\/users\/1"}],"replies":[{"embeddable":true,"href":"https:\/\/www.college-wallon-ivry.fr\/index.php\/wp-json\/wp\/v2\/comments?post=8382"}],"version-history":[{"count":4,"href":"https:\/\/www.college-wallon-ivry.fr\/index.php\/wp-json\/wp\/v2\/posts\/8382\/revisions"}],"predecessor-version":[{"id":8427,"href":"https:\/\/www.college-wallon-ivry.fr\/index.php\/wp-json\/wp\/v2\/posts\/8382\/revisions\/8427"}],"wp:featuredmedia":[{"embeddable":true,"href":"https:\/\/www.college-wallon-ivry.fr\/index.php\/wp-json\/wp\/v2\/media\/8386"}],"wp:attachment":[{"href":"https:\/\/www.college-wallon-ivry.fr\/index.php\/wp-json\/wp\/v2\/media?parent=8382"}],"wp:term":[{"taxonomy":"category","embeddable":true,"href":"https:\/\/www.college-wallon-ivry.fr\/index.php\/wp-json\/wp\/v2\/categories?post=8382"},{"taxonomy":"post_tag","embeddable":true,"href":"https:\/\/www.college-wallon-ivry.fr\/index.php\/wp-json\/wp\/v2\/tags?post=8382"}],"curies":[{"name":"wp","href":"https:\/\/api.w.org\/{rel}","templated":true}]}}