{"id":8507,"date":"2019-12-01T16:09:44","date_gmt":"2019-12-01T15:09:44","guid":{"rendered":"http:\/\/www.college-wallon-ivry.fr\/?p=8507"},"modified":"2020-02-02T21:41:17","modified_gmt":"2020-02-02T20:41:17","slug":"ceremonie-douverture-cadets-de-la-securite-civile-promotion-2019-2020","status":"publish","type":"post","link":"https:\/\/www.college-wallon-ivry.fr\/index.php\/2019\/12\/01\/ceremonie-douverture-cadets-de-la-securite-civile-promotion-2019-2020\/","title":{"rendered":"C\u00e9r\u00e9monie d\u2019ouverture cadets de la s\u00e9curit\u00e9 civile promotion 2019-2020"},"content":{"rendered":"<div id=\"pl-8507\"  class=\"panel-layout\" ><div id=\"pg-8507-0\"  class=\"panel-grid panel-no-style\" ><div id=\"pgc-8507-0-0\"  class=\"panel-grid-cell\" ><div id=\"panel-8507-0-0-0\" class=\"so-panel widget widget_sow-editor panel-first-child panel-last-child\" data-index=\"0\" ><div\n\t\t\t\n\t\t\tclass=\"so-widget-sow-editor so-widget-sow-editor-base\"\n\t\t\t\n\t\t>\n<div class=\"siteorigin-widget-tinymce textwidget\">\n\t<p>Les 21 \u00e9l\u00e8ves de 5\u00e8me qui se sont port\u00e9s volontaires pour \u00eatre cadets de la s\u00e9curit\u00e9 civile ont \u00e9t\u00e9 re\u00e7us ce matin au fort militaire de Nogent pour la c\u00e9r\u00e9monie d\u2019ouverture.<\/p>\n<p>Le sous-pr\u00e9fet du val de marne, la directrice acad\u00e9mique de l\u2019\u00e9ducation nationale ainsi que les b\u00e9n\u00e9voles de la Croix-Rouge les ont f\u00e9licit\u00e9 pour leur engagement avant de leur remettre leurs sacs et tenues officielles.<\/p>\n<p>Deux \u00e9l\u00e8ves de 4\u00e8me ayant suivi la formation l\u2019ann\u00e9e derni\u00e8re, Zo\u00e9 et Wassim, \u00e9taient \u00e9galement pr\u00e9sents pour leur passer symboliquement le flambeau.<\/p>\n<\/div>\n<\/div><\/div><\/div><div id=\"pgc-8507-0-1\"  class=\"panel-grid-cell\" ><div id=\"panel-8507-0-1-0\" class=\"so-panel widget widget_sow-image panel-first-child panel-last-child\" data-index=\"1\" ><div\n\t\t\t\n\t\t\tclass=\"so-widget-sow-image so-widget-sow-image-default-c67d20f9f743-8507\"\n\t\t\t\n\t\t>\n<div class=\"sow-image-container\">\n\t\t\t<a href=\"http:\/\/www.college-wallon-ivry.fr\/wp-content\/uploads\/2019\/12\/IMG_1731.jpg\"\n\t\t\t\t\t>\n\t\t\t<img \n\tsrc=\"https:\/\/www.college-wallon-ivry.fr\/wp-content\/uploads\/2019\/12\/IMG_1731-225x300.jpg\" width=\"225\" height=\"300\" srcset=\"https:\/\/www.college-wallon-ivry.fr\/wp-content\/uploads\/2019\/12\/IMG_1731-225x300.jpg 225w, https:\/\/www.college-wallon-ivry.fr\/wp-content\/uploads\/2019\/12\/IMG_1731-768x1024.jpg 768w, https:\/\/www.college-wallon-ivry.fr\/wp-content\/uploads\/2019\/12\/IMG_1731-400x533.jpg 400w\" sizes=\"(max-width: 225px) 100vw, 225px\" alt=\"\" \t\tclass=\"so-widget-image\"\/>\n\t\t\t<\/a><\/div>\n\n<\/div><\/div><\/div><\/div><div id=\"pg-8507-1\"  class=\"panel-grid panel-no-style\" ><div id=\"pgc-8507-1-0\"  class=\"panel-grid-cell\" ><div id=\"panel-8507-1-0-0\" class=\"so-panel widget widget_sow-image panel-first-child panel-last-child\" data-index=\"2\" ><div\n\t\t\t\n\t\t\tclass=\"so-widget-sow-image so-widget-sow-image-default-c67d20f9f743-8507\"\n\t\t\t\n\t\t>\n<div class=\"sow-image-container\">\n\t\t\t<a href=\"http:\/\/www.college-wallon-ivry.fr\/wp-content\/uploads\/2019\/12\/IMG_1737.jpg\"\n\t\t\t\t\t>\n\t\t\t<img \n\tsrc=\"https:\/\/www.college-wallon-ivry.fr\/wp-content\/uploads\/2019\/12\/IMG_1737-150x150.jpg\" width=\"150\" height=\"150\" srcset=\"https:\/\/www.college-wallon-ivry.fr\/wp-content\/uploads\/2019\/12\/IMG_1737-150x150.jpg 150w, https:\/\/www.college-wallon-ivry.fr\/wp-content\/uploads\/2019\/12\/IMG_1737-200x200.jpg 200w\" sizes=\"(max-width: 150px) 100vw, 150px\" alt=\"\" \t\tclass=\"so-widget-image\"\/>\n\t\t\t<\/a><\/div>\n\n<\/div><\/div><\/div><div id=\"pgc-8507-1-1\"  class=\"panel-grid-cell\" ><div id=\"panel-8507-1-1-0\" class=\"so-panel widget widget_sow-image panel-first-child panel-last-child\" data-index=\"3\" ><div\n\t\t\t\n\t\t\tclass=\"so-widget-sow-image so-widget-sow-image-default-c67d20f9f743-8507\"\n\t\t\t\n\t\t>\n<div class=\"sow-image-container\">\n\t\t\t<a href=\"http:\/\/www.college-wallon-ivry.fr\/wp-content\/uploads\/2019\/12\/IMG_1734.jpg\"\n\t\t\t\t\t>\n\t\t\t<img \n\tsrc=\"https:\/\/www.college-wallon-ivry.fr\/wp-content\/uploads\/2019\/12\/IMG_1734-150x150.jpg\" width=\"150\" height=\"150\" srcset=\"https:\/\/www.college-wallon-ivry.fr\/wp-content\/uploads\/2019\/12\/IMG_1734-150x150.jpg 150w, https:\/\/www.college-wallon-ivry.fr\/wp-content\/uploads\/2019\/12\/IMG_1734-200x200.jpg 200w\" sizes=\"(max-width: 150px) 100vw, 150px\" alt=\"\" \t\tclass=\"so-widget-image\"\/>\n\t\t\t<\/a><\/div>\n\n<\/div><\/div><\/div><div id=\"pgc-8507-1-2\"  class=\"panel-grid-cell\" ><div id=\"panel-8507-1-2-0\" class=\"so-panel widget widget_sow-image panel-first-child panel-last-child\" data-index=\"4\" ><div\n\t\t\t\n\t\t\tclass=\"so-widget-sow-image so-widget-sow-image-default-c67d20f9f743-8507\"\n\t\t\t\n\t\t>\n<div class=\"sow-image-container\">\n\t\t\t<a href=\"http:\/\/www.college-wallon-ivry.fr\/wp-content\/uploads\/2019\/12\/IMG_1738.jpg\"\n\t\t\t\t\t>\n\t\t\t<img \n\tsrc=\"https:\/\/www.college-wallon-ivry.fr\/wp-content\/uploads\/2019\/12\/IMG_1738-150x150.jpg\" width=\"150\" height=\"150\" srcset=\"https:\/\/www.college-wallon-ivry.fr\/wp-content\/uploads\/2019\/12\/IMG_1738-150x150.jpg 150w, https:\/\/www.college-wallon-ivry.fr\/wp-content\/uploads\/2019\/12\/IMG_1738-200x200.jpg 200w\" sizes=\"(max-width: 150px) 100vw, 150px\" alt=\"\" \t\tclass=\"so-widget-image\"\/>\n\t\t\t<\/a><\/div>\n\n<\/div><\/div><\/div><div id=\"pgc-8507-1-3\"  class=\"panel-grid-cell\" ><div id=\"panel-8507-1-3-0\" class=\"so-panel widget widget_sow-image panel-first-child panel-last-child\" data-index=\"5\" ><div\n\t\t\t\n\t\t\tclass=\"so-widget-sow-image so-widget-sow-image-default-c67d20f9f743-8507\"\n\t\t\t\n\t\t>\n<div class=\"sow-image-container\">\n\t\t\t<a href=\"http:\/\/www.college-wallon-ivry.fr\/wp-content\/uploads\/2019\/12\/IMG_1735.jpg\"\n\t\t\t\t\t>\n\t\t\t<img \n\tsrc=\"https:\/\/www.college-wallon-ivry.fr\/wp-content\/uploads\/2019\/12\/IMG_1735-150x150.jpg\" width=\"150\" height=\"150\" srcset=\"https:\/\/www.college-wallon-ivry.fr\/wp-content\/uploads\/2019\/12\/IMG_1735-150x150.jpg 150w, https:\/\/www.college-wallon-ivry.fr\/wp-content\/uploads\/2019\/12\/IMG_1735-200x200.jpg 200w\" sizes=\"(max-width: 150px) 100vw, 150px\" alt=\"\" \t\tclass=\"so-widget-image\"\/>\n\t\t\t<\/a><\/div>\n\n<\/div><\/div><\/div><\/div><\/div><h3>Images li\u00e9es:<\/h3>","protected":false},"excerpt":{"rendered":"<p>Les 21 \u00e9l\u00e8ves de 5\u00e8me qui se sont port\u00e9s volontaires pour \u00eatre cadets de la s\u00e9curit\u00e9 civile ont \u00e9t\u00e9 re\u00e7us ce matin au fort militaire de Nogent pour la c\u00e9r\u00e9monie d\u2019ouverture. Le sous-pr\u00e9fet du val de marne, la directrice acad\u00e9mique de l\u2019\u00e9ducation nationale ainsi que les b\u00e9n\u00e9voles de la Croix-Rouge les ont f\u00e9licit\u00e9 pour leur [&hellip;]<\/p>\n","protected":false},"author":1,"featured_media":8516,"comment_status":"open","ping_status":"open","sticky":false,"template":"","format":"standard","meta":{"ngg_post_thumbnail":0,"footnotes":""},"categories":[49,28,15,72],"tags":[],"class_list":{"0":"post-8507","1":"post","2":"type-post","3":"status-publish","4":"format-standard","5":"has-post-thumbnail","7":"category-action","8":"category-photos","9":"category-projet","10":"category-secourisme","11":"czr-hentry"},"_links":{"self":[{"href":"https:\/\/www.college-wallon-ivry.fr\/index.php\/wp-json\/wp\/v2\/posts\/8507","targetHints":{"allow":["GET"]}}],"collection":[{"href":"https:\/\/www.college-wallon-ivry.fr\/index.php\/wp-json\/wp\/v2\/posts"}],"about":[{"href":"https:\/\/www.college-wallon-ivry.fr\/index.php\/wp-json\/wp\/v2\/types\/post"}],"author":[{"embeddable":true,"href":"https:\/\/www.college-wallon-ivry.fr\/index.php\/wp-json\/wp\/v2\/users\/1"}],"replies":[{"embeddable":true,"href":"https:\/\/www.college-wallon-ivry.fr\/index.php\/wp-json\/wp\/v2\/comments?post=8507"}],"version-history":[{"count":4,"href":"https:\/\/www.college-wallon-ivry.fr\/index.php\/wp-json\/wp\/v2\/posts\/8507\/revisions"}],"predecessor-version":[{"id":8518,"href":"https:\/\/www.college-wallon-ivry.fr\/index.php\/wp-json\/wp\/v2\/posts\/8507\/revisions\/8518"}],"wp:featuredmedia":[{"embeddable":true,"href":"https:\/\/www.college-wallon-ivry.fr\/index.php\/wp-json\/wp\/v2\/media\/8516"}],"wp:attachment":[{"href":"https:\/\/www.college-wallon-ivry.fr\/index.php\/wp-json\/wp\/v2\/media?parent=8507"}],"wp:term":[{"taxonomy":"category","embeddable":true,"href":"https:\/\/www.college-wallon-ivry.fr\/index.php\/wp-json\/wp\/v2\/categories?post=8507"},{"taxonomy":"post_tag","embeddable":true,"href":"https:\/\/www.college-wallon-ivry.fr\/index.php\/wp-json\/wp\/v2\/tags?post=8507"}],"curies":[{"name":"wp","href":"https:\/\/api.w.org\/{rel}","templated":true}]}}