{"id":8785,"date":"2020-03-01T22:58:20","date_gmt":"2020-03-01T21:58:20","guid":{"rendered":"http:\/\/www.college-wallon-ivry.fr\/?p=8785"},"modified":"2020-03-14T21:54:23","modified_gmt":"2020-03-14T20:54:23","slug":"grande-competition-dathletisme-a-linsep","status":"publish","type":"post","link":"https:\/\/www.college-wallon-ivry.fr\/index.php\/2020\/03\/01\/grande-competition-dathletisme-a-linsep\/","title":{"rendered":"Grande comp\u00e9tition d&rsquo;athl\u00e9tisme \u00e0 l&rsquo;INSEP"},"content":{"rendered":"<div id=\"pl-8785\"  class=\"panel-layout\" ><div id=\"pg-8785-0\"  class=\"panel-grid panel-no-style\" ><div id=\"pgc-8785-0-0\"  class=\"panel-grid-cell\" ><div id=\"panel-8785-0-0-0\" class=\"so-panel widget widget_sow-editor panel-first-child\" data-index=\"0\" ><div\n\t\t\t\n\t\t\tclass=\"so-widget-sow-editor so-widget-sow-editor-base\"\n\t\t\t\n\t\t>\n<div class=\"siteorigin-widget-tinymce textwidget\">\n\t<p>Au tour des benjamins cette fois !<br \/>\nApr\u00e8s leurs comp\u00e8res les minimes, Ayoub, Ma\u00efwenn, Kadidiatou, Machita, Georgeline, Lina, Nour, Jules, Johan, Cha\u00efmaa et Dayena (\u00e9l\u00e8ves de 6e et 5e), ont particip\u00e9 \u00e0 une grande comp\u00e9tition d'athl\u00e9tisme \u00e0 l'INSEP ! Sauts et sprints au programme. Bravo \u00e0 eux !<\/p>\n<\/div>\n<\/div><\/div><div id=\"panel-8785-0-0-1\" class=\"so-panel widget widget_sow-editor panel-last-child\" data-index=\"1\" ><div\n\t\t\t\n\t\t\tclass=\"so-widget-sow-editor so-widget-sow-editor-base\"\n\t\t\t\n\t\t>\n<div class=\"siteorigin-widget-tinymce textwidget\">\n\tngg_shortcode_0_placeholder\n<\/div>\n<\/div><\/div><\/div><\/div><\/div><h3>Images li\u00e9es:<\/h3>","protected":false},"excerpt":{"rendered":"<p>Au tour des benjamins cette fois ! Apr\u00e8s leurs comp\u00e8res les minimes, Ayoub, Ma\u00efwenn, Kadidiatou, Machita, Georgeline, Lina, Nour, Jules, Johan, Cha\u00efmaa et Dayena (\u00e9l\u00e8ves de 6e et 5e), ont particip\u00e9 \u00e0 une grande comp\u00e9tition d&rsquo;athl\u00e9tisme \u00e0 l&rsquo;INSEP ! Sauts et sprints au programme. Bravo \u00e0 eux !<\/p>\n","protected":false},"author":1,"featured_media":8805,"comment_status":"open","ping_status":"open","sticky":false,"template":"","format":"standard","meta":{"ngg_post_thumbnail":0,"footnotes":""},"categories":[49,47,23],"tags":[],"class_list":{"0":"post-8785","1":"post","2":"type-post","3":"status-publish","4":"format-standard","5":"has-post-thumbnail","7":"category-action","8":"category-as","9":"category-sport","10":"czr-hentry"},"_links":{"self":[{"href":"https:\/\/www.college-wallon-ivry.fr\/index.php\/wp-json\/wp\/v2\/posts\/8785","targetHints":{"allow":["GET"]}}],"collection":[{"href":"https:\/\/www.college-wallon-ivry.fr\/index.php\/wp-json\/wp\/v2\/posts"}],"about":[{"href":"https:\/\/www.college-wallon-ivry.fr\/index.php\/wp-json\/wp\/v2\/types\/post"}],"author":[{"embeddable":true,"href":"https:\/\/www.college-wallon-ivry.fr\/index.php\/wp-json\/wp\/v2\/users\/1"}],"replies":[{"embeddable":true,"href":"https:\/\/www.college-wallon-ivry.fr\/index.php\/wp-json\/wp\/v2\/comments?post=8785"}],"version-history":[{"count":2,"href":"https:\/\/www.college-wallon-ivry.fr\/index.php\/wp-json\/wp\/v2\/posts\/8785\/revisions"}],"predecessor-version":[{"id":8826,"href":"https:\/\/www.college-wallon-ivry.fr\/index.php\/wp-json\/wp\/v2\/posts\/8785\/revisions\/8826"}],"wp:featuredmedia":[{"embeddable":true,"href":"https:\/\/www.college-wallon-ivry.fr\/index.php\/wp-json\/wp\/v2\/media\/8805"}],"wp:attachment":[{"href":"https:\/\/www.college-wallon-ivry.fr\/index.php\/wp-json\/wp\/v2\/media?parent=8785"}],"wp:term":[{"taxonomy":"category","embeddable":true,"href":"https:\/\/www.college-wallon-ivry.fr\/index.php\/wp-json\/wp\/v2\/categories?post=8785"},{"taxonomy":"post_tag","embeddable":true,"href":"https:\/\/www.college-wallon-ivry.fr\/index.php\/wp-json\/wp\/v2\/tags?post=8785"}],"curies":[{"name":"wp","href":"https:\/\/api.w.org\/{rel}","templated":true}]}}